{"id":8596,"date":"2022-09-07T16:38:36","date_gmt":"2022-09-07T14:38:36","guid":{"rendered":"https:\/\/www.martinennalsaward.org\/?p=8596"},"modified":"2022-09-07T16:39:19","modified_gmt":"2022-09-07T14:39:19","slug":"pham-doan-trang-le-vietnam-met-des-defenseur-euse-s-des-droits-humains-derriere-les-barreaux","status":"publish","type":"post","link":"https:\/\/www.martinennalsaward.org\/fr\/pham-doan-trang-le-vietnam-met-des-defenseur-euse-s-des-droits-humains-derriere-les-barreaux\/","title":{"rendered":"L\u2019appel de Pham Doan Trang rejet\u00e9\u00a0: Le Vietnam met des DDH en prison tout en faisant du lobbying pour obtenir un si\u00e8ge au CDH"},"content":{"rendered":"<h2><img fetchpriority=\"high\" decoding=\"async\" class=\"alignnone wp-image-8584 size-full\" src=\"https:\/\/www.martinennalsaward.org\/wp-content\/uploads\/2022\/08\/left.jpg\" alt=\"\" width=\"1080\" height=\"1080\" srcset=\"https:\/\/www.martinennalsaward.org\/wp-content\/uploads\/2022\/08\/left.jpg 1080w, https:\/\/www.martinennalsaward.org\/wp-content\/uploads\/2022\/08\/left-300x300.jpg 300w, https:\/\/www.martinennalsaward.org\/wp-content\/uploads\/2022\/08\/left-1024x1024.jpg 1024w, https:\/\/www.martinennalsaward.org\/wp-content\/uploads\/2022\/08\/left-150x150.jpg 150w, https:\/\/www.martinennalsaward.org\/wp-content\/uploads\/2022\/08\/left-768x768.jpg 768w, https:\/\/www.martinennalsaward.org\/wp-content\/uploads\/2022\/08\/left-330x330.jpg 330w, https:\/\/www.martinennalsaward.org\/wp-content\/uploads\/2022\/08\/left-530x530.jpg 530w\" sizes=\"(max-width: 1080px) 100vw, 1080px\" \/><\/h2>\n<h2>Le 25\u00a0ao\u00fbt, un tribunal vietnamien a confirm\u00e9 la peine prononc\u00e9e contre la journaliste Pham Doan Trang, laur\u00e9ate du Prix Martin Ennals pour les d\u00e9fenseur-euse-s des droits humains 2022. \u00c0 l&rsquo;issue de son proc\u00e8s en d\u00e9cembre\u00a02021, Pham Doan Trang a \u00e9t\u00e9 condamn\u00e9e \u00e0 neuf\u00a0ans de prison pour \u00ab\u00a0propagande contre l&rsquo;\u00c9tat\u00a0\u00bb. Les autorit\u00e9s vietnamiennes ont interdit l\u2019acc\u00e8s \u00e0 la salle d&rsquo;audience aux membres de sa famille et aux diplomates des pays qui la soutiennent, notamment les \u00c9tats-Unis, l&rsquo;Allemagne et la R\u00e9publique tch\u00e8que.<\/h2>\n<p>Le 15\u00a0ao\u00fbt, en amont de l&rsquo;audience en appel, l&rsquo;avocat de Trang nous a confi\u00e9 qu\u2019il \u00e9tait inquiet de la gravit\u00e9 de l\u2019\u00e9tat de sant\u00e9 de la jeune femme.<\/p>\n<h4><strong>\u00ab\u00a0Elle semble avoir perdu davantage de poids depuis son proc\u00e8s en d\u00e9cembre\u00a02021 et elle souffre encore des sympt\u00f4mes d\u2019un Covid long\u00a0\u00bb.<\/strong><\/h4>\n<p>La d\u00e9cision du tribunal illustre la situation alarmante des droits humains dans le pays. Les journalistes et les d\u00e9fenseur-euse-s des droits humains au Vietnam sont tr\u00e8s expos\u00e9-e-s \u00e0 diff\u00e9rents types de risques, notamment de la violence, de la censure, des amendes et des peines de prison de longue dur\u00e9e, en raison de leur combat contre la corruption et les violations des droits humains commises par les institutions gouvernementales.<\/p>\n<p>Dans une r\u00e9cente <a href=\"https:\/\/www.eeas.europa.eu\/node\/109007_fr\">d\u00e9claration<\/a>, l&rsquo;Union europ\u00e9enne a qualifi\u00e9 de \u00ab\u00a0vagues\u00a0\u00bb les accusations de \u00ab\u00a0propagande contre l\u2019\u00c9tat\u00a0\u00bb port\u00e9es contre Trang et a soulign\u00e9 que les mesures prises \u00e0 son encontre violent les obligations internationales du Vietnam en mati\u00e8re de droits humains.<\/p>\n<p>Le <a href=\"https:\/\/www.state.gov\/the-upheld-conviction-of-pham-doan-trang\/\">D\u00e9partement d&rsquo;\u00c9tat am\u00e9ricain<\/a> d\u00e9nonce\u00a0:\u00ab\u00a0Le maintien en d\u00e9tention de Trang est le dernier exemple en date d\u2019une pratique syst\u00e9matique et alarmante d&rsquo;arrestations et de condamnations d&rsquo;individus au Vietnam qui ne font qu\u2019exprimer leur opinion de mani\u00e8re pacifique\u00a0\u00bb. Il a exhort\u00e9 les autorit\u00e9s vietnamiennes \u00e0 accorder \u00e0 la d\u00e9fenseuse l&rsquo;acc\u00e8s \u00e0 des soins m\u00e9dicaux.<\/p>\n<p>Au cours de son proc\u00e8s en d\u00e9cembre\u00a02021, Trang a publi\u00e9 une <a href=\"chrome-extension:\/\/efaidnbmnnnibpcajpcglclefindmkaj\/https:\/www.hrw.org\/sites\/default\/files\/media_2021\/12\/211214%20Pham%20Doan%20Trang%20Statement.pdf\">d\u00e9claration<\/a> dans laquelle elle affirmait\u00a0: \u00ab\u00a0Plus la peine de prison est longue, plus la nature autoritaire et antid\u00e9mocratique de la R\u00e9publique socialiste du Vietnam est manifeste\u00a0\u00bb.<\/p>\n<h3><strong>En mars<\/strong><strong>\u00a0<\/strong><strong>2022, le Vietnam a <\/strong><strong>annonc\u00e9 <\/strong><strong>sa candidature pour un si\u00e8ge au Conseil des droits de l&rsquo;homme des Nations unies <\/strong><strong>pour <\/strong><strong>2023-2025. Le vote aura lieu en octobre <\/strong><strong>prochain <\/strong><strong>\u00e0 l&rsquo;Assembl\u00e9e g\u00e9n\u00e9rale des Nations unies \u00e0 New York. Cependant, <\/strong><strong>le rejet de l\u2019appel \u00e0 la condamnation<\/strong><strong> de Pham Doan Trang confirme \u00e0 nouveau que le Vietnam ne respecte pas les engagements inscrits dans la D\u00e9claration universelle des droits de l&rsquo;homme des Nations unies. Sa pr\u00e9sence au sein du Conseil risque <\/strong><strong>de porter atteinte \u00e0 l\u2019authenticit\u00e9<\/strong><strong> des proc\u00e9dures et <\/strong><strong>\u00e0 l<\/strong><strong>a l\u00e9gitimit\u00e9 du Conseil <\/strong><strong>dans son r\u00f4le de superviseur de <\/strong><strong>la protection des droits <\/strong><strong>humains<\/strong><strong> dans le monde.<\/strong><\/h3>\n<p>Pham Doan Trang est une \u00e9minente journaliste et d\u00e9fenseuse de la d\u00e9mocratie au Vietnam qui lutte pour sensibiliser le public \u00e0 la question des droits humains dans le pays. Elle milite pour le respect des libert\u00e9s civiles telles que la libert\u00e9 d\u2019expression, la libert\u00e9 de la presse, et la libert\u00e9 de r\u00e9union. En\u00a02016, elle a d\u00e9nonc\u00e9 la catastrophe environnementale caus\u00e9e par le conglom\u00e9rat Formosa qui op\u00e8re dans le centre du Vietnam. Elle a montr\u00e9 comment les agences gouvernementales ont agi de mani\u00e8re incoh\u00e9rente et contradictoire mais aussi comment le manque de transparence et le climat d\u2019impunit\u00e9 ont entrav\u00e9 l&rsquo;enqu\u00eate et la r\u00e9solution de la crise.<\/p>\n<p>Ces derniers mois, Pham Doan Trang a remport\u00e9 plusieurs prix des droits humains, notamment le prix Women of Courage Award 2022 du D\u00e9partement d&rsquo;\u00c9tat am\u00e9ricain, et le prix Canada-Royaume-Uni pour la libert\u00e9 de la presse 2022. Les \u00c9tats-Unis et de nombreuses organisations de la soci\u00e9t\u00e9 civile ont d\u00e9nonc\u00e9 le proc\u00e8s in\u00e9quitable de Pham Doan Trang.<\/p>\n<p>La Fondation Martin Ennals demande instamment aux autorit\u00e9s vietnamiennes de lib\u00e9rer Pham Doan Trang imm\u00e9diatement et se joint aux appels lanc\u00e9s aux \u00c9tats membres leur demandant d\u2019\u00e9valuer la candidature du Vietnam au Conseil des droits de l&rsquo;homme pour 2023-2025 \u00e0 la lumi\u00e8re de ses r\u00e9cents agissements.<\/p>\n<p>&nbsp;<\/p>\n","protected":false},"excerpt":{"rendered":"<p>Le 25\u00a0ao\u00fbt, un tribunal vietnamien a confirm\u00e9 la peine prononc\u00e9e contre la journaliste Pham Doan Trang, laur\u00e9ate du Prix Martin Ennals pour les d\u00e9fenseur-euse-s des droits humains 2022. \u00c0 l&rsquo;issue de son proc\u00e8s en d\u00e9cembre\u00a02021, Pham Doan Trang a \u00e9t\u00e9 condamn\u00e9e \u00e0 neuf\u00a0ans de prison pour \u00ab\u00a0propagande contre l&rsquo;\u00c9tat\u00a0\u00bb. Les autorit\u00e9s vietnamiennes ont interdit l\u2019acc\u00e8s<a class=\"read-more\" href=\"https:\/\/www.martinennalsaward.org\/fr\/pham-doan-trang-le-vietnam-met-des-defenseur-euse-s-des-droits-humains-derriere-les-barreaux\/\">Read More&#8230;<\/a><\/p>\n","protected":false},"author":9,"featured_media":8599,"comment_status":"open","ping_status":"open","sticky":false,"template":"","format":"standard","meta":{"_acf_changed":false,"footnotes":""},"categories":[237,2],"tags":[],"news_section":[549,343],"class_list":["post-8596","post","type-post","status-publish","format-standard","has-post-thumbnail","hentry","category-actualites","category-non-classifiee","news_section-news-2","news_section-news"],"acf":[],"yoast_head":"<!-- This site is optimized with the Yoast SEO plugin v24.1 - https:\/\/yoast.com\/wordpress\/plugins\/seo\/ -->\n<title>L\u2019appel de Pham Doan Trang rejet\u00e9\u00a0: Le Vietnam met des DDH en prison tout en faisant du lobbying pour obtenir un si\u00e8ge au CDH - Martin Ennals Award<\/title>\n<meta name=\"description\" content=\"En l&#039;honneur de Aktham Naisse, le cin\u00e9aste Willem Offenberg se souvient d&#039;une interview qu&#039;il a r\u00e9alis\u00e9e avec lui \u00e0 Damas en 2005.\" \/>\n<meta name=\"robots\" content=\"index, follow, max-snippet:-1, max-image-preview:large, max-video-preview:-1\" \/>\n<link rel=\"canonical\" href=\"https:\/\/www.martinennalsaward.org\/fr\/pham-doan-trang-le-vietnam-met-des-defenseur-euse-s-des-droits-humains-derriere-les-barreaux\/\" \/>\n<meta property=\"og:locale\" content=\"fr_FR\" \/>\n<meta property=\"og:type\" content=\"article\" \/>\n<meta property=\"og:title\" content=\"Un th\u00e9 \u00e0 Damas avec un g\u00e9ant des droits humains\" \/>\n<meta property=\"og:description\" content=\"En l&#039;honneur de ce g\u00e9ant des droits humains parti beaucoup trop t\u00f4t, le cin\u00e9aste Willem Offenberg se souvient d&#039;une interview qu&#039;il a r\u00e9alis\u00e9e avec Aktham Naisse \u00e0 Damas en 2005.\" \/>\n<meta property=\"og:url\" content=\"https:\/\/www.martinennalsaward.org\/fr\/pham-doan-trang-le-vietnam-met-des-defenseur-euse-s-des-droits-humains-derriere-les-barreaux\/\" \/>\n<meta property=\"og:site_name\" content=\"Martin Ennals Award\" \/>\n<meta property=\"article:published_time\" content=\"2022-09-07T14:38:36+00:00\" \/>\n<meta property=\"article:modified_time\" content=\"2022-09-07T14:39:19+00:00\" \/>\n<meta property=\"og:image\" content=\"https:\/\/www.martinennalsaward.org\/wp-content\/uploads\/2022\/02\/aktham-naisse-02-5-300x300-1.png\" \/>\n\t<meta property=\"og:image:width\" content=\"300\" \/>\n\t<meta property=\"og:image:height\" content=\"300\" \/>\n\t<meta property=\"og:image:type\" content=\"image\/png\" \/>\n<meta name=\"author\" content=\"Media MEA\" \/>\n<meta name=\"twitter:card\" content=\"summary_large_image\" \/>\n<meta name=\"twitter:title\" content=\"Un th\u00e9 \u00e0 Damas avec un g\u00e9ant des droits humains\" \/>\n<meta name=\"twitter:description\" content=\"En l&#039;honneur de ce g\u00e9ant des droits humains parti beaucoup trop t\u00f4t, le cin\u00e9aste Willem Offenberg se souvient d&#039;une interview qu&#039;il a r\u00e9alis\u00e9e avec Aktham Naisse \u00e0 Damas en 2005.\" \/>\n<meta name=\"twitter:image\" content=\"https:\/\/www.martinennalsaward.org\/wp-content\/uploads\/2022\/02\/aktham-naisse-02-5-300x300-1.png\" \/>\n<meta name=\"twitter:label1\" content=\"\u00c9crit par\" \/>\n\t<meta name=\"twitter:data1\" content=\"Media MEA\" \/>\n\t<meta name=\"twitter:label2\" content=\"Dur\u00e9e de lecture estim\u00e9e\" \/>\n\t<meta name=\"twitter:data2\" content=\"4 minutes\" \/>\n<script type=\"application\/ld+json\" class=\"yoast-schema-graph\">{\"@context\":\"https:\/\/schema.org\",\"@graph\":[{\"@type\":\"WebPage\",\"@id\":\"https:\/\/www.martinennalsaward.org\/fr\/pham-doan-trang-le-vietnam-met-des-defenseur-euse-s-des-droits-humains-derriere-les-barreaux\/\",\"url\":\"https:\/\/www.martinennalsaward.org\/fr\/pham-doan-trang-le-vietnam-met-des-defenseur-euse-s-des-droits-humains-derriere-les-barreaux\/\",\"name\":\"L\u2019appel de Pham Doan Trang rejet\u00e9\u00a0: Le Vietnam met des DDH en prison tout en faisant du lobbying pour obtenir un si\u00e8ge au CDH - Martin Ennals Award\",\"isPartOf\":{\"@id\":\"https:\/\/www.martinennalsaward.org\/#website\"},\"primaryImageOfPage\":{\"@id\":\"https:\/\/www.martinennalsaward.org\/fr\/pham-doan-trang-le-vietnam-met-des-defenseur-euse-s-des-droits-humains-derriere-les-barreaux\/#primaryimage\"},\"image\":{\"@id\":\"https:\/\/www.martinennalsaward.org\/fr\/pham-doan-trang-le-vietnam-met-des-defenseur-euse-s-des-droits-humains-derriere-les-barreaux\/#primaryimage\"},\"thumbnailUrl\":\"https:\/\/www.martinennalsaward.org\/wp-content\/uploads\/2022\/09\/pdt.jpeg\",\"datePublished\":\"2022-09-07T14:38:36+00:00\",\"dateModified\":\"2022-09-07T14:39:19+00:00\",\"author\":{\"@id\":\"https:\/\/www.martinennalsaward.org\/#\/schema\/person\/e5b5e129cdd55c19f6492f506c7aae2b\"},\"description\":\"En l'honneur de Aktham Naisse, le cin\u00e9aste Willem Offenberg se souvient d'une interview qu'il a r\u00e9alis\u00e9e avec lui \u00e0 Damas en 2005.\",\"breadcrumb\":{\"@id\":\"https:\/\/www.martinennalsaward.org\/fr\/pham-doan-trang-le-vietnam-met-des-defenseur-euse-s-des-droits-humains-derriere-les-barreaux\/#breadcrumb\"},\"inLanguage\":\"fr-FR\",\"potentialAction\":[{\"@type\":\"ReadAction\",\"target\":[\"https:\/\/www.martinennalsaward.org\/fr\/pham-doan-trang-le-vietnam-met-des-defenseur-euse-s-des-droits-humains-derriere-les-barreaux\/\"]}]},{\"@type\":\"ImageObject\",\"inLanguage\":\"fr-FR\",\"@id\":\"https:\/\/www.martinennalsaward.org\/fr\/pham-doan-trang-le-vietnam-met-des-defenseur-euse-s-des-droits-humains-derriere-les-barreaux\/#primaryimage\",\"url\":\"https:\/\/www.martinennalsaward.org\/wp-content\/uploads\/2022\/09\/pdt.jpeg\",\"contentUrl\":\"https:\/\/www.martinennalsaward.org\/wp-content\/uploads\/2022\/09\/pdt.jpeg\",\"width\":1080,\"height\":1080},{\"@type\":\"BreadcrumbList\",\"@id\":\"https:\/\/www.martinennalsaward.org\/fr\/pham-doan-trang-le-vietnam-met-des-defenseur-euse-s-des-droits-humains-derriere-les-barreaux\/#breadcrumb\",\"itemListElement\":[{\"@type\":\"ListItem\",\"position\":1,\"name\":\"Home\",\"item\":\"https:\/\/www.martinennalsaward.org\/\"},{\"@type\":\"ListItem\",\"position\":2,\"name\":\"L\u2019appel de Pham Doan Trang rejet\u00e9\u00a0: Le Vietnam met des DDH en prison tout en faisant du lobbying pour obtenir un si\u00e8ge au CDH\"}]},{\"@type\":\"WebSite\",\"@id\":\"https:\/\/www.martinennalsaward.org\/#website\",\"url\":\"https:\/\/www.martinennalsaward.org\/\",\"name\":\"Martin Ennals Award\",\"description\":\"For Human Rights Defenders\",\"potentialAction\":[{\"@type\":\"SearchAction\",\"target\":{\"@type\":\"EntryPoint\",\"urlTemplate\":\"https:\/\/www.martinennalsaward.org\/?s={search_term_string}\"},\"query-input\":{\"@type\":\"PropertyValueSpecification\",\"valueRequired\":true,\"valueName\":\"search_term_string\"}}],\"inLanguage\":\"fr-FR\"},{\"@type\":\"Person\",\"@id\":\"https:\/\/www.martinennalsaward.org\/#\/schema\/person\/e5b5e129cdd55c19f6492f506c7aae2b\",\"name\":\"Media MEA\",\"image\":{\"@type\":\"ImageObject\",\"inLanguage\":\"fr-FR\",\"@id\":\"https:\/\/www.martinennalsaward.org\/#\/schema\/person\/image\/\",\"url\":\"https:\/\/secure.gravatar.com\/avatar\/dddd036b53ffcc641447ce50b0f8dd31?s=96&d=mm&r=g\",\"contentUrl\":\"https:\/\/secure.gravatar.com\/avatar\/dddd036b53ffcc641447ce50b0f8dd31?s=96&d=mm&r=g\",\"caption\":\"Media MEA\"},\"sameAs\":[\"http:\/\/www.martinennalsaward.org\",\"media@martinennalsaward.org\"],\"url\":\"https:\/\/www.martinennalsaward.org\/fr\/author\/mea-media\/\"}]}<\/script>\n<!-- \/ Yoast SEO plugin. -->","yoast_head_json":{"title":"L\u2019appel de Pham Doan Trang rejet\u00e9\u00a0: Le Vietnam met des DDH en prison tout en faisant du lobbying pour obtenir un si\u00e8ge au CDH - Martin Ennals Award","description":"En l'honneur de Aktham Naisse, le cin\u00e9aste Willem Offenberg se souvient d'une interview qu'il a r\u00e9alis\u00e9e avec lui \u00e0 Damas en 2005.","robots":{"index":"index","follow":"follow","max-snippet":"max-snippet:-1","max-image-preview":"max-image-preview:large","max-video-preview":"max-video-preview:-1"},"canonical":"https:\/\/www.martinennalsaward.org\/fr\/pham-doan-trang-le-vietnam-met-des-defenseur-euse-s-des-droits-humains-derriere-les-barreaux\/","og_locale":"fr_FR","og_type":"article","og_title":"Un th\u00e9 \u00e0 Damas avec un g\u00e9ant des droits humains","og_description":"En l'honneur de ce g\u00e9ant des droits humains parti beaucoup trop t\u00f4t, le cin\u00e9aste Willem Offenberg se souvient d'une interview qu'il a r\u00e9alis\u00e9e avec Aktham Naisse \u00e0 Damas en 2005.","og_url":"https:\/\/www.martinennalsaward.org\/fr\/pham-doan-trang-le-vietnam-met-des-defenseur-euse-s-des-droits-humains-derriere-les-barreaux\/","og_site_name":"Martin Ennals Award","article_published_time":"2022-09-07T14:38:36+00:00","article_modified_time":"2022-09-07T14:39:19+00:00","og_image":[{"width":300,"height":300,"url":"https:\/\/www.martinennalsaward.org\/wp-content\/uploads\/2022\/02\/aktham-naisse-02-5-300x300-1.png","type":"image\/png"}],"author":"Media MEA","twitter_card":"summary_large_image","twitter_title":"Un th\u00e9 \u00e0 Damas avec un g\u00e9ant des droits humains","twitter_description":"En l'honneur de ce g\u00e9ant des droits humains parti beaucoup trop t\u00f4t, le cin\u00e9aste Willem Offenberg se souvient d'une interview qu'il a r\u00e9alis\u00e9e avec Aktham Naisse \u00e0 Damas en 2005.","twitter_image":"https:\/\/www.martinennalsaward.org\/wp-content\/uploads\/2022\/02\/aktham-naisse-02-5-300x300-1.png","twitter_misc":{"\u00c9crit par":"Media MEA","Dur\u00e9e de lecture estim\u00e9e":"4 minutes"},"schema":{"@context":"https:\/\/schema.org","@graph":[{"@type":"WebPage","@id":"https:\/\/www.martinennalsaward.org\/fr\/pham-doan-trang-le-vietnam-met-des-defenseur-euse-s-des-droits-humains-derriere-les-barreaux\/","url":"https:\/\/www.martinennalsaward.org\/fr\/pham-doan-trang-le-vietnam-met-des-defenseur-euse-s-des-droits-humains-derriere-les-barreaux\/","name":"L\u2019appel de Pham Doan Trang rejet\u00e9\u00a0: Le Vietnam met des DDH en prison tout en faisant du lobbying pour obtenir un si\u00e8ge au CDH - Martin Ennals Award","isPartOf":{"@id":"https:\/\/www.martinennalsaward.org\/#website"},"primaryImageOfPage":{"@id":"https:\/\/www.martinennalsaward.org\/fr\/pham-doan-trang-le-vietnam-met-des-defenseur-euse-s-des-droits-humains-derriere-les-barreaux\/#primaryimage"},"image":{"@id":"https:\/\/www.martinennalsaward.org\/fr\/pham-doan-trang-le-vietnam-met-des-defenseur-euse-s-des-droits-humains-derriere-les-barreaux\/#primaryimage"},"thumbnailUrl":"https:\/\/www.martinennalsaward.org\/wp-content\/uploads\/2022\/09\/pdt.jpeg","datePublished":"2022-09-07T14:38:36+00:00","dateModified":"2022-09-07T14:39:19+00:00","author":{"@id":"https:\/\/www.martinennalsaward.org\/#\/schema\/person\/e5b5e129cdd55c19f6492f506c7aae2b"},"description":"En l'honneur de Aktham Naisse, le cin\u00e9aste Willem Offenberg se souvient d'une interview qu'il a r\u00e9alis\u00e9e avec lui \u00e0 Damas en 2005.","breadcrumb":{"@id":"https:\/\/www.martinennalsaward.org\/fr\/pham-doan-trang-le-vietnam-met-des-defenseur-euse-s-des-droits-humains-derriere-les-barreaux\/#breadcrumb"},"inLanguage":"fr-FR","potentialAction":[{"@type":"ReadAction","target":["https:\/\/www.martinennalsaward.org\/fr\/pham-doan-trang-le-vietnam-met-des-defenseur-euse-s-des-droits-humains-derriere-les-barreaux\/"]}]},{"@type":"ImageObject","inLanguage":"fr-FR","@id":"https:\/\/www.martinennalsaward.org\/fr\/pham-doan-trang-le-vietnam-met-des-defenseur-euse-s-des-droits-humains-derriere-les-barreaux\/#primaryimage","url":"https:\/\/www.martinennalsaward.org\/wp-content\/uploads\/2022\/09\/pdt.jpeg","contentUrl":"https:\/\/www.martinennalsaward.org\/wp-content\/uploads\/2022\/09\/pdt.jpeg","width":1080,"height":1080},{"@type":"BreadcrumbList","@id":"https:\/\/www.martinennalsaward.org\/fr\/pham-doan-trang-le-vietnam-met-des-defenseur-euse-s-des-droits-humains-derriere-les-barreaux\/#breadcrumb","itemListElement":[{"@type":"ListItem","position":1,"name":"Home","item":"https:\/\/www.martinennalsaward.org\/"},{"@type":"ListItem","position":2,"name":"L\u2019appel de Pham Doan Trang rejet\u00e9\u00a0: Le Vietnam met des DDH en prison tout en faisant du lobbying pour obtenir un si\u00e8ge au CDH"}]},{"@type":"WebSite","@id":"https:\/\/www.martinennalsaward.org\/#website","url":"https:\/\/www.martinennalsaward.org\/","name":"Martin Ennals Award","description":"For Human Rights Defenders","potentialAction":[{"@type":"SearchAction","target":{"@type":"EntryPoint","urlTemplate":"https:\/\/www.martinennalsaward.org\/?s={search_term_string}"},"query-input":{"@type":"PropertyValueSpecification","valueRequired":true,"valueName":"search_term_string"}}],"inLanguage":"fr-FR"},{"@type":"Person","@id":"https:\/\/www.martinennalsaward.org\/#\/schema\/person\/e5b5e129cdd55c19f6492f506c7aae2b","name":"Media MEA","image":{"@type":"ImageObject","inLanguage":"fr-FR","@id":"https:\/\/www.martinennalsaward.org\/#\/schema\/person\/image\/","url":"https:\/\/secure.gravatar.com\/avatar\/dddd036b53ffcc641447ce50b0f8dd31?s=96&d=mm&r=g","contentUrl":"https:\/\/secure.gravatar.com\/avatar\/dddd036b53ffcc641447ce50b0f8dd31?s=96&d=mm&r=g","caption":"Media MEA"},"sameAs":["http:\/\/www.martinennalsaward.org","media@martinennalsaward.org"],"url":"https:\/\/www.martinennalsaward.org\/fr\/author\/mea-media\/"}]}},"_links":{"self":[{"href":"https:\/\/www.martinennalsaward.org\/fr\/wp-json\/wp\/v2\/posts\/8596"}],"collection":[{"href":"https:\/\/www.martinennalsaward.org\/fr\/wp-json\/wp\/v2\/posts"}],"about":[{"href":"https:\/\/www.martinennalsaward.org\/fr\/wp-json\/wp\/v2\/types\/post"}],"author":[{"embeddable":true,"href":"https:\/\/www.martinennalsaward.org\/fr\/wp-json\/wp\/v2\/users\/9"}],"replies":[{"embeddable":true,"href":"https:\/\/www.martinennalsaward.org\/fr\/wp-json\/wp\/v2\/comments?post=8596"}],"version-history":[{"count":0,"href":"https:\/\/www.martinennalsaward.org\/fr\/wp-json\/wp\/v2\/posts\/8596\/revisions"}],"wp:featuredmedia":[{"embeddable":true,"href":"https:\/\/www.martinennalsaward.org\/fr\/wp-json\/wp\/v2\/media\/8599"}],"wp:attachment":[{"href":"https:\/\/www.martinennalsaward.org\/fr\/wp-json\/wp\/v2\/media?parent=8596"}],"wp:term":[{"taxonomy":"category","embeddable":true,"href":"https:\/\/www.martinennalsaward.org\/fr\/wp-json\/wp\/v2\/categories?post=8596"},{"taxonomy":"post_tag","embeddable":true,"href":"https:\/\/www.martinennalsaward.org\/fr\/wp-json\/wp\/v2\/tags?post=8596"},{"taxonomy":"news_section","embeddable":true,"href":"https:\/\/www.martinennalsaward.org\/fr\/wp-json\/wp\/v2\/news_section?post=8596"}],"curies":[{"name":"wp","href":"https:\/\/api.w.org\/{rel}","templated":true}]}}