{"id":7609,"date":"2022-01-19T11:15:49","date_gmt":"2022-01-19T10:15:49","guid":{"rendered":"https:\/\/www.martinennalsaward.org\/?p=7609"},"modified":"2022-01-18T19:20:56","modified_gmt":"2022-01-18T18:20:56","slug":"et-les-laureat-e-s-du-prix-martin-ennals-2022-sont","status":"publish","type":"post","link":"https:\/\/www.martinennalsaward.org\/fr\/et-les-laureat-e-s-du-prix-martin-ennals-2022-sont\/","title":{"rendered":"Et les laur\u00e9at-e-s du Prix Martin Ennals 2022 sont&#8230;"},"content":{"rendered":"<div class=\"page\" title=\"Page 3\">\n<div class=\"layoutArea\">\n<div class=\"column\">\n<h3><img fetchpriority=\"high\" decoding=\"async\" class=\"alignnone wp-image-7580\" src=\"https:\/\/www.martinennalsaward.org\/wp-content\/uploads\/2022\/01\/web-mea-general-notext-1920x1080-1-300x169.jpg\" alt=\"\" width=\"673\" height=\"379\" \/><\/h3>\n<h3><strong>Gen\u00e8ve, mercredi 19 janvier 2022 &#8211; Trois forces vives du mouvement des droits humains sont les laur\u00e9at-e-s du Prix Martin Ennals pour les d\u00e9fenseur-euse-s des droits humains 2022. Ils-elles sont pour beaucoup d&rsquo;autres une source d\u2019inspiration \u00e0 s&rsquo;engager pour la protection de nos libert\u00e9s. Au Vietnam, l\u2019\u00e9minente journaliste Pham Doan Trang a lutt\u00e9 pour la libert\u00e9 d&rsquo;expression et les droits civils avant d&rsquo;\u00eatre condamn\u00e9e \u00e0 neuf ans de prison. Au Burkina Faso, le Dr Daouda Diallo documente avec brio les violations des droits humains commises dans le cadre des violences g\u00e9n\u00e9ralis\u00e9es entre les forces arm\u00e9es et les insurg\u00e9s islamistes qui s\u2019affrontent pour prendre le contr\u00f4le de son pays. Au Bahre\u00efn, Abdul-Hadi Al-Khawaja, architecte du mouvement d\u00e9mocratique, poursuit son combat pour les droits humains alors m\u00eame qu\u2019il est emprisonn\u00e9 depuis dix longues ann\u00e9es. En raison de la pand\u00e9mie de COVID-19, la c\u00e9r\u00e9monie de remise du Prix est report\u00e9e au 2 juin 2022. D\u2019ici l\u00e0, la Fondation Martin Ennals, le Jury et la Ville de Gen\u00e8ve soutiendront les laur\u00e9at-e-s et c\u00e9l\u00e9breront leur courage par le biais d&rsquo;autres actions.<\/strong><\/h3>\n<\/div>\n<\/div>\n<\/div>\n<h3><\/h3>\n<p>&nbsp;<\/p>\n<div class=\"page\" title=\"Page 3\">\n<div class=\"layoutArea\">\n<div class=\"column\">\n<h3>C\u00e9l\u00e9brer trois figures inspirantes du mouvement des droits humains<\/h3>\n<p>Tous les ans, le Prix Martin Ennals offre reconnaissance et protection aux d\u00e9fenseuses et aux d\u00e9fenseurs des droits humains qui m\u00e8nent un combat pour la libert\u00e9, la justice, l&rsquo;\u00e9galit\u00e9 et luttent contre l\u2019impunit\u00e9 dans leurs communaut\u00e9s et leurs pays, souvent au p\u00e9ril de leur vie. Les militant-e-s des droits humains du monde entier travaillent sans rel\u00e2che. Certain-e-s portent leurs causes avec une telle passion et un tel charisme qu\u2019ils-elles en inspirent d\u2019autres et parviennent ainsi \u00e0 mobiliser la future g\u00e9n\u00e9ration du mouvement des droits humains. Et ce sont pr\u00e9cis\u00e9ment ces militant-e-s exceptionnel-le-s qui sont nomin\u00e9-e-s pour le Prix Martin Ennals. \u00ab <em>En 2022, le Jury a choisi trois figures inspirantes du mouvement des droits humains. Le courage est leur point commun\u00a0<\/em>\u00bb, explique Hans Thoolen, pr\u00e9sident du Jury du\u00a0Prix Martin Ennals.<\/p>\n<\/div>\n<\/div>\n<\/div>\n<p>&nbsp;<\/p>\n<div class=\"page\" title=\"Page 3\">\n<div class=\"layoutArea\">\n<div class=\"column\">\n<h3>Les laur\u00e9at-e-s du Prix Martin Ennals 2022<\/h3>\n<ul>\n<li><strong>Pham Doan Trang<\/strong> est une \u00e9minente journaliste, \u00e9ditrice et militante pro-d\u00e9mocratie au Vietnam, o\u00f9 le parti communiste tente par tous les moyens d\u2019\u00e9touffer les voix de l\u2019opposition. Elle a dirig\u00e9 plusieurs m\u00e9dias ind\u00e9pendants visant \u00e0 sensibiliser les citoyen-ne-s vietnamien-ne- s \u00e0 leurs droits fondamentaux et a inspir\u00e9 ainsi de nombreux-ses autres journalistes et activistes \u00e0 s&rsquo;exprimer. Elle \u00e9tait d\u2019ailleurs l&rsquo;une des activistes les plus recherch\u00e9es dans son pays avant d&rsquo;\u00eatre arr\u00eat\u00e9e en octobre 2020. Le 14 d\u00e9cembre 2021, Pham Doan Trang a \u00e9t\u00e9 condamn\u00e9e \u00e0 neuf ans de prison pour \u00ab propagande contre l&rsquo;\u00c9tat \u00bb. Son \u00e9tat de sant\u00e9 suscite de vives inqui\u00e9tudes.<\/li>\n<li>Pharmacien de formation, le <strong>Dr Daouda Diallo<\/strong> milite pour les droits humains au Burkina Faso et a fond\u00e9 la coalition de la soci\u00e9t\u00e9 civile CISC. Il documente sans rel\u00e2che les violences commises dans son pays secou\u00e9 par les affrontements f\u00e9roces qui opposent les forces gouvernementales, les groupes paramilitaires locaux et les factions islamistes. Il porte le flambeau de la justice et lutte contre l\u2019impunit\u00e9 pour les victimes de la violence et leurs familles. Le message d\u2019unit\u00e9 port\u00e9 par Dr Diallo visant \u00e0 r\u00e9concilier les diff\u00e9rents groupes ethniques et confessionnels constitue une v\u00e9ritable source d&rsquo;inspiration dans un pays en proie \u00e0 l&rsquo;extr\u00eame pauvret\u00e9 et une faible gouvernance.<\/li>\n<li><strong>Abdul-Hadi Al-Khawaja<\/strong>, pierre angulaire du mouvement des droits humains au Bahre\u00efn, il est une figure de proue des manifestations de 2011 appelant \u00e0 davantage de d\u00e9mocratie et de libert\u00e9 dans la r\u00e9gion du Golfe. Al-Khawaja n&rsquo;est pas seulement un activiste ; c\u2019est aussi un entrepreneur social qui a fond\u00e9 des ONG qui figurent parmi les premi\u00e8res organisations de recherche et de d\u00e9fense des droits humains dans la r\u00e9gion et qui existent toujours aujourd&rsquo;hui. En d\u00e9tention depuis plus de dix ans, il n\u2019en continue pas moins d\u2019inspirer les g\u00e9n\u00e9rations futures bahre\u00efnies \u00e0 poursuivre le combat pour les droits humains.<\/li>\n<\/ul>\n<\/div>\n<\/div>\n<\/div>\n<h3><\/h3>\n<p>&nbsp;<\/p>\n<div class=\"page\" title=\"Page 4\">\n<div class=\"layoutArea\">\n<div class=\"column\">\n<h3>Une c\u00e9r\u00e9monie report\u00e9e<\/h3>\n<p>Organis\u00e9e au c\u0153ur de Gen\u00e8ve, en Suisse, la c\u00e9r\u00e9monie de remise du Prix Martin Ennals est un \u00e9v\u00e9nement unique qui rassemble chaque ann\u00e9e un public local et international r\u00e9uni pour rendre hommage \u00e0 des d\u00e9fenseuses et des d\u00e9fenseurs des droits humains. \u00ab <em>Ville des droits humains, Gen\u00e8ve s&rsquo;est engag\u00e9e \u00e0 soutenir la coop\u00e9ration internationale sur ces questions cruciales. Tout au long de la pand\u00e9mie, de nombreuses organisations ont poursuivi avec d\u00e9termination leur mission de d\u00e9fense des droits humains, en faisant preuve d&rsquo;une formidable r\u00e9silience. Dans cet esprit, nous sommes fiers de co-organiser une nouvelle fois le Prix Martin Ennals<\/em> \u00bb, affirme Alfonso Gomez, Conseiller administratif de la Ville de Gen\u00e8ve.<\/p>\n<p>En 2022, les organisateurs du Prix ont fait le choix de reporter la c\u00e9r\u00e9monie au 2 juin 2022 : \u00ab <em>La derni\u00e8re flamb\u00e9e de la pand\u00e9mie de COVID-19 ne nous permet pas d&rsquo;accueillir les laur\u00e9at-e-s et le public dans des conditions optimales en f\u00e9vrier. Nous allons donc adapter nos activit\u00e9s de formation et de sensibilisation afin de soutenir les laur\u00e9at-e-s au cours des mois \u00e0 venir et ce, en d\u00e9pit du report de la C\u00e9r\u00e9monie\u00a0<\/em>\u00bb, pr\u00e9cise Isabel de Sola, Directrice de la Fondation Martin Ennals.<\/p>\n<\/div>\n<\/div>\n<\/div>\n<p>&nbsp;<\/p>\n<div class=\"page\" title=\"Page 4\">\n<div class=\"layoutArea\">\n<div class=\"column\">\n<div class=\"page\" title=\"Page 3\">\n<div class=\"layoutArea\">\n<div class=\"column\">\n<div class=\"page\" title=\"Page 4\">\n<div class=\"layoutArea\">\n<div class=\"column\">\n<h3>Communiqu\u00e9 de presse<\/h3>\n<p><a href=\"https:\/\/www.martinennalsaward.org\/wp-content\/uploads\/2022\/01\/MEA2022_LaureatesAnnouncement_MediaKit_EN_FINAL.pdf\" target=\"_blank\" rel=\"noopener\">Communiqu\u00e9 de presse (anglais)<\/a><\/p>\n<p><a href=\"https:\/\/www.martinennalsaward.org\/wp-content\/uploads\/2022\/01\/MEA2022_AnnonceLaureats_DossierPresse_FR_FINAL.pdf\" target=\"_blank\" rel=\"noopener\">Communiqu\u00e9 de presse (fran\u00e7ais)<\/a><\/p>\n<p><a href=\"https:\/\/www.martinennalsaward.org\/wp-content\/uploads\/2022\/01\/MEA2022_LaureatesAnnouncement_MediaKit_AR_FINAL.pdf\" target=\"_blank\" rel=\"noopener\">Communiqu\u00e9 de presse (arabe)<\/a><\/p>\n<p><a href=\"https:\/\/www.martinennalsaward.org\/wp-content\/uploads\/2022\/01\/MEA2022_LaureatesAnnouncement_MediaKit_VN_FINAL.pdf\" target=\"_blank\" rel=\"noopener\">Communiqu\u00e9 de presse (vietnamien)<\/a><\/p>\n<\/div>\n<\/div>\n<\/div>\n<\/div>\n<\/div>\n<\/div>\n<p>&nbsp;<\/p>\n<div class=\"page\" title=\"Page 3\">\n<div class=\"layoutArea\">\n<div class=\"column\">\n<div class=\"page\" title=\"Page 4\">\n<div class=\"layoutArea\">\n<div class=\"column\">\n<h3>Contact<\/h3>\n<p>Chlo\u00e9 Bitton<br \/>\nCommunications Manager<br \/>\n<a href=\"http:\/\/media@martinennalsaward.org\" target=\"_blank\" rel=\"noopener\" data-cke-saved-href=\"http:\/\/media@martinennalsaward.org\">media@martinennalsaward.org<\/a><br \/>\nMobile: +41.78.734.68.79<\/p>\n<\/div>\n<\/div>\n<\/div>\n<\/div>\n<\/div>\n<\/div>\n<\/div>\n<\/div>\n<\/div>\n","protected":false},"excerpt":{"rendered":"<p>Gen\u00e8ve, mercredi 19 janvier 2022 &#8211; Trois forces vives du mouvement des droits humains sont les laur\u00e9at-e-s du Prix Martin Ennals pour les d\u00e9fenseur-euse-s des droits humains 2022. Ils-elles sont pour beaucoup d&rsquo;autres une source d\u2019inspiration \u00e0 s&rsquo;engager pour la protection de nos libert\u00e9s. Au Vietnam, l\u2019\u00e9minente journaliste Pham Doan Trang a lutt\u00e9 pour la<a class=\"read-more\" href=\"https:\/\/www.martinennalsaward.org\/fr\/et-les-laureat-e-s-du-prix-martin-ennals-2022-sont\/\">Read More&#8230;<\/a><\/p>\n","protected":false},"author":9,"featured_media":7580,"comment_status":"open","ping_status":"open","sticky":false,"template":"","format":"standard","meta":{"_acf_changed":false,"footnotes":""},"categories":[237,227,552],"tags":[593,587,590,591,592,255,226,302,588,309,589],"news_section":[343,549],"class_list":["post-7609","post","type-post","status-publish","format-standard","has-post-thumbnail","hentry","category-actualites","category-laureat","category-prix-martin-ennals-2022","tag-abdul-hadi-al-khawaja-fr","tag-annonce-des-laureats","tag-bahrein-fr","tag-burkina-faso-fr","tag-daouda-diallo-fr","tag-defenseur-des-droits-humains","tag-laureat-prix-martin-ennals","tag-laureats","tag-pham-doan-trang-fr","tag-prix-martin-ennals-2022","tag-vietnam-fr","news_section-news","news_section-news-2"],"acf":[],"yoast_head":"<!-- This site is optimized with the Yoast SEO plugin v24.1 - https:\/\/yoast.com\/wordpress\/plugins\/seo\/ -->\n<title>Et les laur\u00e9at-e-s du Prix Martin Ennals 2022 sont... - Martin Ennals Award<\/title>\n<meta name=\"description\" content=\"Trois personnalit\u00e9s inspirantes du mouvement des droits humains du Vietnam, de Bahre\u00efn et du Burkina Faso sont les laur\u00e9at-e-s du Prix Martin Ennals 2022.\" \/>\n<meta name=\"robots\" content=\"index, follow, max-snippet:-1, max-image-preview:large, max-video-preview:-1\" \/>\n<link rel=\"canonical\" href=\"https:\/\/www.martinennalsaward.org\/?p=7578\" \/>\n<meta property=\"og:locale\" content=\"fr_FR\" \/>\n<meta property=\"og:type\" content=\"article\" \/>\n<meta property=\"og:title\" content=\"Et les laur\u00e9at-e-s du Prix Martin Ennals 2022 sont...\" \/>\n<meta property=\"og:description\" content=\"Trois personnalit\u00e9s inspirantes du mouvement des droits humains du Vietnam, de Bahre\u00efn et du Burkina Faso sont les laur\u00e9at-e-s du Prix Martin Ennals 2022.\" \/>\n<meta property=\"og:url\" content=\"https:\/\/www.martinennalsaward.org\/?p=7578\" \/>\n<meta property=\"og:site_name\" content=\"Martin Ennals Award\" \/>\n<meta property=\"article:published_time\" content=\"2022-01-19T10:15:49+00:00\" \/>\n<meta property=\"article:modified_time\" content=\"2022-01-18T18:20:56+00:00\" \/>\n<meta property=\"og:image\" content=\"https:\/\/www.martinennalsaward.org\/wp-content\/uploads\/2022\/01\/web-mea-general-notext-1920x1080-1-e1642529469684.jpg\" \/>\n\t<meta property=\"og:image:width\" content=\"821\" \/>\n\t<meta property=\"og:image:height\" content=\"462\" \/>\n\t<meta property=\"og:image:type\" content=\"image\/jpeg\" \/>\n<meta name=\"author\" content=\"Media MEA\" \/>\n<meta name=\"twitter:card\" content=\"summary_large_image\" \/>\n<meta name=\"twitter:title\" content=\"Et les laur\u00e9at-e-s du Prix Martin Ennals 2022 sont...\" \/>\n<meta name=\"twitter:description\" content=\"Trois personnalit\u00e9s inspirantes du mouvement des droits humains du Vietnam, de Bahre\u00efn et du Burkina Faso sont les laur\u00e9at-e-s du Prix Martin Ennals 2022.\" \/>\n<meta name=\"twitter:image\" content=\"https:\/\/www.martinennalsaward.org\/wp-content\/uploads\/2022\/01\/web-mea-general-notext-1920x1080-1-e1642529469684.jpg\" \/>\n<meta name=\"twitter:label1\" content=\"\u00c9crit par\" \/>\n\t<meta name=\"twitter:data1\" content=\"Media MEA\" \/>\n\t<meta name=\"twitter:label2\" content=\"Dur\u00e9e de lecture estim\u00e9e\" \/>\n\t<meta name=\"twitter:data2\" content=\"4 minutes\" \/>\n<script type=\"application\/ld+json\" class=\"yoast-schema-graph\">{\"@context\":\"https:\/\/schema.org\",\"@graph\":[{\"@type\":\"WebPage\",\"@id\":\"https:\/\/www.martinennalsaward.org\/?p=7578\",\"url\":\"https:\/\/www.martinennalsaward.org\/?p=7578\",\"name\":\"Et les laur\u00e9at-e-s du Prix Martin Ennals 2022 sont... - Martin Ennals Award\",\"isPartOf\":{\"@id\":\"https:\/\/www.martinennalsaward.org\/#website\"},\"primaryImageOfPage\":{\"@id\":\"https:\/\/www.martinennalsaward.org\/?p=7578#primaryimage\"},\"image\":{\"@id\":\"https:\/\/www.martinennalsaward.org\/?p=7578#primaryimage\"},\"thumbnailUrl\":\"https:\/\/www.martinennalsaward.org\/wp-content\/uploads\/2022\/01\/web-mea-general-notext-1920x1080-1-e1642529469684.jpg\",\"datePublished\":\"2022-01-19T10:15:49+00:00\",\"dateModified\":\"2022-01-18T18:20:56+00:00\",\"author\":{\"@id\":\"https:\/\/www.martinennalsaward.org\/#\/schema\/person\/e5b5e129cdd55c19f6492f506c7aae2b\"},\"description\":\"Trois personnalit\u00e9s inspirantes du mouvement des droits humains du Vietnam, de Bahre\u00efn et du Burkina Faso sont les laur\u00e9at-e-s du Prix Martin Ennals 2022.\",\"breadcrumb\":{\"@id\":\"https:\/\/www.martinennalsaward.org\/?p=7578#breadcrumb\"},\"inLanguage\":\"fr-FR\",\"potentialAction\":[{\"@type\":\"ReadAction\",\"target\":[\"https:\/\/www.martinennalsaward.org\/?p=7578\"]}]},{\"@type\":\"ImageObject\",\"inLanguage\":\"fr-FR\",\"@id\":\"https:\/\/www.martinennalsaward.org\/?p=7578#primaryimage\",\"url\":\"https:\/\/www.martinennalsaward.org\/wp-content\/uploads\/2022\/01\/web-mea-general-notext-1920x1080-1-e1642529469684.jpg\",\"contentUrl\":\"https:\/\/www.martinennalsaward.org\/wp-content\/uploads\/2022\/01\/web-mea-general-notext-1920x1080-1-e1642529469684.jpg\",\"width\":821,\"height\":462},{\"@type\":\"BreadcrumbList\",\"@id\":\"https:\/\/www.martinennalsaward.org\/?p=7578#breadcrumb\",\"itemListElement\":[{\"@type\":\"ListItem\",\"position\":1,\"name\":\"Home\",\"item\":\"https:\/\/www.martinennalsaward.org\/\"},{\"@type\":\"ListItem\",\"position\":2,\"name\":\"Et les laur\u00e9at-e-s du Prix Martin Ennals 2022 sont&#8230;\"}]},{\"@type\":\"WebSite\",\"@id\":\"https:\/\/www.martinennalsaward.org\/#website\",\"url\":\"https:\/\/www.martinennalsaward.org\/\",\"name\":\"Martin Ennals Award\",\"description\":\"For Human Rights Defenders\",\"potentialAction\":[{\"@type\":\"SearchAction\",\"target\":{\"@type\":\"EntryPoint\",\"urlTemplate\":\"https:\/\/www.martinennalsaward.org\/?s={search_term_string}\"},\"query-input\":{\"@type\":\"PropertyValueSpecification\",\"valueRequired\":true,\"valueName\":\"search_term_string\"}}],\"inLanguage\":\"fr-FR\"},{\"@type\":\"Person\",\"@id\":\"https:\/\/www.martinennalsaward.org\/#\/schema\/person\/e5b5e129cdd55c19f6492f506c7aae2b\",\"name\":\"Media MEA\",\"image\":{\"@type\":\"ImageObject\",\"inLanguage\":\"fr-FR\",\"@id\":\"https:\/\/www.martinennalsaward.org\/#\/schema\/person\/image\/\",\"url\":\"https:\/\/secure.gravatar.com\/avatar\/dddd036b53ffcc641447ce50b0f8dd31?s=96&d=mm&r=g\",\"contentUrl\":\"https:\/\/secure.gravatar.com\/avatar\/dddd036b53ffcc641447ce50b0f8dd31?s=96&d=mm&r=g\",\"caption\":\"Media MEA\"},\"sameAs\":[\"http:\/\/www.martinennalsaward.org\",\"media@martinennalsaward.org\"],\"url\":\"https:\/\/www.martinennalsaward.org\/fr\/author\/mea-media\/\"}]}<\/script>\n<!-- \/ Yoast SEO plugin. -->","yoast_head_json":{"title":"Et les laur\u00e9at-e-s du Prix Martin Ennals 2022 sont... - Martin Ennals Award","description":"Trois personnalit\u00e9s inspirantes du mouvement des droits humains du Vietnam, de Bahre\u00efn et du Burkina Faso sont les laur\u00e9at-e-s du Prix Martin Ennals 2022.","robots":{"index":"index","follow":"follow","max-snippet":"max-snippet:-1","max-image-preview":"max-image-preview:large","max-video-preview":"max-video-preview:-1"},"canonical":"https:\/\/www.martinennalsaward.org\/?p=7578","og_locale":"fr_FR","og_type":"article","og_title":"Et les laur\u00e9at-e-s du Prix Martin Ennals 2022 sont...","og_description":"Trois personnalit\u00e9s inspirantes du mouvement des droits humains du Vietnam, de Bahre\u00efn et du Burkina Faso sont les laur\u00e9at-e-s du Prix Martin Ennals 2022.","og_url":"https:\/\/www.martinennalsaward.org\/?p=7578","og_site_name":"Martin Ennals Award","article_published_time":"2022-01-19T10:15:49+00:00","article_modified_time":"2022-01-18T18:20:56+00:00","og_image":[{"width":821,"height":462,"url":"https:\/\/www.martinennalsaward.org\/wp-content\/uploads\/2022\/01\/web-mea-general-notext-1920x1080-1-e1642529469684.jpg","type":"image\/jpeg"}],"author":"Media MEA","twitter_card":"summary_large_image","twitter_title":"Et les laur\u00e9at-e-s du Prix Martin Ennals 2022 sont...","twitter_description":"Trois personnalit\u00e9s inspirantes du mouvement des droits humains du Vietnam, de Bahre\u00efn et du Burkina Faso sont les laur\u00e9at-e-s du Prix Martin Ennals 2022.","twitter_image":"https:\/\/www.martinennalsaward.org\/wp-content\/uploads\/2022\/01\/web-mea-general-notext-1920x1080-1-e1642529469684.jpg","twitter_misc":{"\u00c9crit par":"Media MEA","Dur\u00e9e de lecture estim\u00e9e":"4 minutes"},"schema":{"@context":"https:\/\/schema.org","@graph":[{"@type":"WebPage","@id":"https:\/\/www.martinennalsaward.org\/?p=7578","url":"https:\/\/www.martinennalsaward.org\/?p=7578","name":"Et les laur\u00e9at-e-s du Prix Martin Ennals 2022 sont... - Martin Ennals Award","isPartOf":{"@id":"https:\/\/www.martinennalsaward.org\/#website"},"primaryImageOfPage":{"@id":"https:\/\/www.martinennalsaward.org\/?p=7578#primaryimage"},"image":{"@id":"https:\/\/www.martinennalsaward.org\/?p=7578#primaryimage"},"thumbnailUrl":"https:\/\/www.martinennalsaward.org\/wp-content\/uploads\/2022\/01\/web-mea-general-notext-1920x1080-1-e1642529469684.jpg","datePublished":"2022-01-19T10:15:49+00:00","dateModified":"2022-01-18T18:20:56+00:00","author":{"@id":"https:\/\/www.martinennalsaward.org\/#\/schema\/person\/e5b5e129cdd55c19f6492f506c7aae2b"},"description":"Trois personnalit\u00e9s inspirantes du mouvement des droits humains du Vietnam, de Bahre\u00efn et du Burkina Faso sont les laur\u00e9at-e-s du Prix Martin Ennals 2022.","breadcrumb":{"@id":"https:\/\/www.martinennalsaward.org\/?p=7578#breadcrumb"},"inLanguage":"fr-FR","potentialAction":[{"@type":"ReadAction","target":["https:\/\/www.martinennalsaward.org\/?p=7578"]}]},{"@type":"ImageObject","inLanguage":"fr-FR","@id":"https:\/\/www.martinennalsaward.org\/?p=7578#primaryimage","url":"https:\/\/www.martinennalsaward.org\/wp-content\/uploads\/2022\/01\/web-mea-general-notext-1920x1080-1-e1642529469684.jpg","contentUrl":"https:\/\/www.martinennalsaward.org\/wp-content\/uploads\/2022\/01\/web-mea-general-notext-1920x1080-1-e1642529469684.jpg","width":821,"height":462},{"@type":"BreadcrumbList","@id":"https:\/\/www.martinennalsaward.org\/?p=7578#breadcrumb","itemListElement":[{"@type":"ListItem","position":1,"name":"Home","item":"https:\/\/www.martinennalsaward.org\/"},{"@type":"ListItem","position":2,"name":"Et les laur\u00e9at-e-s du Prix Martin Ennals 2022 sont&#8230;"}]},{"@type":"WebSite","@id":"https:\/\/www.martinennalsaward.org\/#website","url":"https:\/\/www.martinennalsaward.org\/","name":"Martin Ennals Award","description":"For Human Rights Defenders","potentialAction":[{"@type":"SearchAction","target":{"@type":"EntryPoint","urlTemplate":"https:\/\/www.martinennalsaward.org\/?s={search_term_string}"},"query-input":{"@type":"PropertyValueSpecification","valueRequired":true,"valueName":"search_term_string"}}],"inLanguage":"fr-FR"},{"@type":"Person","@id":"https:\/\/www.martinennalsaward.org\/#\/schema\/person\/e5b5e129cdd55c19f6492f506c7aae2b","name":"Media MEA","image":{"@type":"ImageObject","inLanguage":"fr-FR","@id":"https:\/\/www.martinennalsaward.org\/#\/schema\/person\/image\/","url":"https:\/\/secure.gravatar.com\/avatar\/dddd036b53ffcc641447ce50b0f8dd31?s=96&d=mm&r=g","contentUrl":"https:\/\/secure.gravatar.com\/avatar\/dddd036b53ffcc641447ce50b0f8dd31?s=96&d=mm&r=g","caption":"Media MEA"},"sameAs":["http:\/\/www.martinennalsaward.org","media@martinennalsaward.org"],"url":"https:\/\/www.martinennalsaward.org\/fr\/author\/mea-media\/"}]}},"_links":{"self":[{"href":"https:\/\/www.martinennalsaward.org\/fr\/wp-json\/wp\/v2\/posts\/7609"}],"collection":[{"href":"https:\/\/www.martinennalsaward.org\/fr\/wp-json\/wp\/v2\/posts"}],"about":[{"href":"https:\/\/www.martinennalsaward.org\/fr\/wp-json\/wp\/v2\/types\/post"}],"author":[{"embeddable":true,"href":"https:\/\/www.martinennalsaward.org\/fr\/wp-json\/wp\/v2\/users\/9"}],"replies":[{"embeddable":true,"href":"https:\/\/www.martinennalsaward.org\/fr\/wp-json\/wp\/v2\/comments?post=7609"}],"version-history":[{"count":0,"href":"https:\/\/www.martinennalsaward.org\/fr\/wp-json\/wp\/v2\/posts\/7609\/revisions"}],"wp:featuredmedia":[{"embeddable":true,"href":"https:\/\/www.martinennalsaward.org\/fr\/wp-json\/wp\/v2\/media\/7580"}],"wp:attachment":[{"href":"https:\/\/www.martinennalsaward.org\/fr\/wp-json\/wp\/v2\/media?parent=7609"}],"wp:term":[{"taxonomy":"category","embeddable":true,"href":"https:\/\/www.martinennalsaward.org\/fr\/wp-json\/wp\/v2\/categories?post=7609"},{"taxonomy":"post_tag","embeddable":true,"href":"https:\/\/www.martinennalsaward.org\/fr\/wp-json\/wp\/v2\/tags?post=7609"},{"taxonomy":"news_section","embeddable":true,"href":"https:\/\/www.martinennalsaward.org\/fr\/wp-json\/wp\/v2\/news_section?post=7609"}],"curies":[{"name":"wp","href":"https:\/\/api.w.org\/{rel}","templated":true}]}}