{"id":750,"date":"2012-08-24T21:40:27","date_gmt":"2012-08-24T21:40:27","guid":{"rendered":"http:\/\/198.46.81.17\/~smartb22\/mea\/?p=750&#038;lang=fr"},"modified":"2021-09-01T15:45:21","modified_gmt":"2021-09-01T13:45:21","slug":"micheline-calmy-rey-annonce-les-nomines-au-prix-martin-ennals-pour-les-defenseurs-des-droits-de-lhomme-2012","status":"publish","type":"post","link":"https:\/\/www.martinennalsaward.org\/fr\/micheline-calmy-rey-annonce-les-nomines-au-prix-martin-ennals-pour-les-defenseurs-des-droits-de-lhomme-2012\/","title":{"rendered":"Micheline Calmy-Rey\u00a0annonce les nomin\u00e9s au Prix Martin Ennals\u00a0 pour les D\u00e9fenseurs des Droits de l\u2019Homme 2012"},"content":{"rendered":"<p>GEN\u00c8VE &#8211; Micheline Calmy-Rey, ancienne pr\u00e9sidente de la Conf\u00e9d\u00e9ration suisse et nouvellement nomm\u00e9e \u00e0 la pr\u00e9sidence de la Fondation Martin Ennals, a annonc\u00e9, aujourd\u2019hui, les nomin\u00e9s au Prix Martin Ennals pour les D\u00e9fenseurs des Droits de l\u2019Homme (MEA) 2012,\u00a0lors d\u2019une conf\u00e9rence de presse qui s\u2019est d\u00e9roul\u00e9e au Palais Eynard de Gen\u00e8ve (Suisse). Le MEA est le principal prix du mouvement mondial des droits de l\u2019homme.<\/p>\n<p>L\u2019annonce et la conf\u00e9rence de presse seront diffus\u00e9es entre 11h00 et 11h30 (heure de Gen\u00e8ve) sur le site\u00a0: https:\/\/www.martinennalsaward.org\/<br \/>\n<iframe data-src=\"https:\/\/player.vimeo.com\/video\/40879858\" width=\"640\" height=\"360\" frameborder=\"0\" allowfullscreen=\"allowfullscreen\" src=\"data:image\/gif;base64,R0lGODlhAQABAAAAACH5BAEKAAEALAAAAAABAAEAAAICTAEAOw==\" class=\"lazyload\" data-load-mode=\"1\"><\/iframe><\/p>\n<p>The three nominees for the 2012 award are:<\/p>\n<p><span class=\"Apple-style-span\"><img fetchpriority=\"high\" decoding=\"async\" class=\"size-medium wp-image-377 alignleft\" src=\"https:\/\/www.martinennalsaward.org\/wp-content\/uploads\/2016\/07\/LUON_SOVATH_07-300x300.png\" alt=\"Luon Sovath\" width=\"300\" height=\"300\" \/>The Venerable <a href=\"https:\/\/www.martinennalsaward.org\/?hrd=luon-sovath\">Luon Sovath<\/a><\/span>, Cambodia. In March 2009, Luon Sovath, a Buddhist monk from Siem Reap, Cambodia witnessed his family and fellow villagers being forcibly evicted from their homes. Forced evictions remove families from their homes, often with no compensation. Despite threats of violence, arrest and disrobing, the venerable Sovath, a non-violent Buddhist monk, uses videos, poems and songs to defend the right to housing, but his advocacy touches powerful economic interests. The threats against the venerable Sovath are very real.<br \/>\n<span class=\"Apple-style-span\"><img decoding=\"async\" class=\"size-medium wp-image-365 alignright lazyload\" data-src=\"https:\/\/www.martinennalsaward.org\/wp-content\/uploads\/2016\/07\/NASRIN_SOTOUDEH_01-300x300.png\" alt=\"Nasrin Sotoudeh\" width=\"300\" height=\"300\" src=\"data:image\/gif;base64,R0lGODlhAQABAAAAACH5BAEKAAEALAAAAAABAAEAAAICTAEAOw==\" style=\"--smush-placeholder-width: 300px; --smush-placeholder-aspect-ratio: 300\/300;\" \/><noscript><img decoding=\"async\" class=\"size-medium wp-image-365 alignright\" src=\"https:\/\/www.martinennalsaward.org\/wp-content\/uploads\/2016\/07\/NASRIN_SOTOUDEH_01-300x300.png\" alt=\"Nasrin Sotoudeh\" width=\"300\" height=\"300\" \/><\/noscript><a href=\"https:\/\/www.martinennalsaward.org\/?hrd=nasrin-sotoudeh\">Nasrin Sotoudeh<\/a><\/span>, a woman lawyer from Iran, is currently serving an 11-year sentence on charges of \u2018spreading propaganda against the State\u2019, \u2018collusion and gathering with the aim of acting against national security\u2019 and \u2018membership in an illegal organization\u2019. She is the former lawyer and member of the organization of the now-exiled Iranian Nobel Peace Prize winner Shirin Ebadi, who declares Sotoudeh is \u2018one of the last remaining courageous human rights lawyers who has accepted all risks for defending the victims of human rights violations in Iran\u2019.<\/p>\n<p><img decoding=\"async\" class=\"size-medium wp-image-384 alignleft lazyload\" data-src=\"https:\/\/www.martinennalsaward.org\/wp-content\/uploads\/2016\/07\/NABEEL_RAJAB_01-300x300.png\" alt=\"Nabeel Rajab\" width=\"300\" height=\"300\" src=\"data:image\/gif;base64,R0lGODlhAQABAAAAACH5BAEKAAEALAAAAAABAAEAAAICTAEAOw==\" style=\"--smush-placeholder-width: 300px; --smush-placeholder-aspect-ratio: 300\/300;\" \/><noscript><img decoding=\"async\" class=\"size-medium wp-image-384 alignleft\" src=\"https:\/\/www.martinennalsaward.org\/wp-content\/uploads\/2016\/07\/NABEEL_RAJAB_01-300x300.png\" alt=\"Nabeel Rajab\" width=\"300\" height=\"300\" \/><\/noscript><a href=\"https:\/\/www.martinennalsaward.org\/?hrd=bahrain-center-for-human-rights\">The<span class=\"Apple-style-span\">\u00a0Bahrain Center for Human Rights<\/span><\/a>\u00a0(BCHR) is internationally recognized for its work on documenting human rights abuses in Bahrain. Despite harassment by the government, who warn of legal action against the Center\u2019s members if they continue their activities, the BCHR provides information to international NGOs and the diplomatic community in Bahrain and advocates locally and internationally in support of demands for democratic change in the Gulf Kingdom.<\/p>\n<p>The nominees were carefully selected by ten human rights organizations which make up the Martin Ennals Award Jury: Amnesty International, Human Rights Watch, Human Rights First, the International Federation for Human Rights, the World Organisation Against Torture, Frontline, the International Commission of Jurists, German Diakonie, the International Service for Human Rights and HURIDOCS.<\/p>\n<p>On 2 October 2012, the Laureate will be announced during the annual ceremony at Victoria Hall, organized in cooperation with the Ville de Gen\u00e8ve.<\/p>\n<p>For more information, photos and videos regarding this year&rsquo;s nominees please visit https:\/\/www.martinennalsaward.org or contact info@martinennalsaward.org +41 22 809 49 25.<\/p>\n","protected":false},"excerpt":{"rendered":"<p>GEN\u00c8VE &#8211; Micheline Calmy-Rey, ancienne pr\u00e9sidente de la Conf\u00e9d\u00e9ration suisse et nouvellement nomm\u00e9e \u00e0 la pr\u00e9sidence de la Fondation Martin Ennals, a annonc\u00e9, aujourd\u2019hui, les nomin\u00e9s au Prix Martin Ennals pour les D\u00e9fenseurs des Droits de l\u2019Homme (MEA) 2012,\u00a0lors d\u2019une conf\u00e9rence de presse qui s\u2019est d\u00e9roul\u00e9e au Palais Eynard de Gen\u00e8ve (Suisse). Le MEA est<a class=\"read-more\" href=\"https:\/\/www.martinennalsaward.org\/fr\/micheline-calmy-rey-annonce-les-nomines-au-prix-martin-ennals-pour-les-defenseurs-des-droits-de-lhomme-2012\/\">Read More&#8230;<\/a><\/p>\n","protected":false},"author":11,"featured_media":486,"comment_status":"open","ping_status":"open","sticky":false,"template":"","format":"standard","meta":{"_acf_changed":false,"footnotes":""},"categories":[2],"tags":[],"news_section":[343],"class_list":["post-750","post","type-post","status-publish","format-standard","has-post-thumbnail","hentry","category-non-classifiee","news_section-news"],"acf":[],"yoast_head":"<!-- This site is optimized with the Yoast SEO plugin v24.1 - https:\/\/yoast.com\/wordpress\/plugins\/seo\/ -->\n<title>Micheline Calmy-Rey\u00a0annonce les nomin\u00e9s au Prix Martin Ennals\u00a0 pour les D\u00e9fenseurs des Droits de l\u2019Homme 2012 - Martin Ennals Award<\/title>\n<meta name=\"robots\" content=\"index, follow, max-snippet:-1, max-image-preview:large, max-video-preview:-1\" \/>\n<link rel=\"canonical\" href=\"https:\/\/www.martinennalsaward.org\/fr\/micheline-calmy-rey-annonce-les-nomines-au-prix-martin-ennals-pour-les-defenseurs-des-droits-de-lhomme-2012\/\" \/>\n<meta property=\"og:locale\" content=\"fr_FR\" \/>\n<meta property=\"og:type\" content=\"article\" \/>\n<meta property=\"og:title\" content=\"Micheline Calmy-Rey\u00a0annonce les nomin\u00e9s au Prix Martin Ennals\u00a0 pour les D\u00e9fenseurs des Droits de l\u2019Homme 2012 - Martin Ennals Award\" \/>\n<meta property=\"og:description\" content=\"GEN\u00c8VE &#8211; Micheline Calmy-Rey, ancienne pr\u00e9sidente de la Conf\u00e9d\u00e9ration suisse et nouvellement nomm\u00e9e \u00e0 la pr\u00e9sidence de la Fondation Martin Ennals, a annonc\u00e9, aujourd\u2019hui, les nomin\u00e9s au Prix Martin Ennals pour les D\u00e9fenseurs des Droits de l\u2019Homme (MEA) 2012,\u00a0lors d\u2019une conf\u00e9rence de presse qui s\u2019est d\u00e9roul\u00e9e au Palais Eynard de Gen\u00e8ve (Suisse). Le MEA estRead More...\" \/>\n<meta property=\"og:url\" content=\"https:\/\/www.martinennalsaward.org\/fr\/micheline-calmy-rey-annonce-les-nomines-au-prix-martin-ennals-pour-les-defenseurs-des-droits-de-lhomme-2012\/\" \/>\n<meta property=\"og:site_name\" content=\"Martin Ennals Award\" \/>\n<meta property=\"article:published_time\" content=\"2012-08-24T21:40:27+00:00\" \/>\n<meta property=\"article:modified_time\" content=\"2021-09-01T13:45:21+00:00\" \/>\n<meta property=\"og:image\" content=\"https:\/\/www.martinennalsaward.org\/wp-content\/uploads\/2016\/07\/FINALIST_2012_SQUARE-3.png\" \/>\n\t<meta property=\"og:image:width\" content=\"700\" \/>\n\t<meta property=\"og:image:height\" content=\"700\" \/>\n\t<meta property=\"og:image:type\" content=\"image\/png\" \/>\n<meta name=\"author\" content=\"Jonas\" \/>\n<meta name=\"twitter:card\" content=\"summary_large_image\" \/>\n<meta name=\"twitter:label1\" content=\"\u00c9crit par\" \/>\n\t<meta name=\"twitter:data1\" content=\"Jonas\" \/>\n\t<meta name=\"twitter:label2\" content=\"Dur\u00e9e de lecture estim\u00e9e\" \/>\n\t<meta name=\"twitter:data2\" content=\"2 minutes\" \/>\n<script type=\"application\/ld+json\" class=\"yoast-schema-graph\">{\"@context\":\"https:\/\/schema.org\",\"@graph\":[{\"@type\":\"WebPage\",\"@id\":\"https:\/\/www.martinennalsaward.org\/fr\/micheline-calmy-rey-annonce-les-nomines-au-prix-martin-ennals-pour-les-defenseurs-des-droits-de-lhomme-2012\/\",\"url\":\"https:\/\/www.martinennalsaward.org\/fr\/micheline-calmy-rey-annonce-les-nomines-au-prix-martin-ennals-pour-les-defenseurs-des-droits-de-lhomme-2012\/\",\"name\":\"Micheline Calmy-Rey\u00a0annonce les nomin\u00e9s au Prix Martin Ennals\u00a0 pour les D\u00e9fenseurs des Droits de l\u2019Homme 2012 - Martin Ennals Award\",\"isPartOf\":{\"@id\":\"https:\/\/www.martinennalsaward.org\/#website\"},\"primaryImageOfPage\":{\"@id\":\"https:\/\/www.martinennalsaward.org\/fr\/micheline-calmy-rey-annonce-les-nomines-au-prix-martin-ennals-pour-les-defenseurs-des-droits-de-lhomme-2012\/#primaryimage\"},\"image\":{\"@id\":\"https:\/\/www.martinennalsaward.org\/fr\/micheline-calmy-rey-annonce-les-nomines-au-prix-martin-ennals-pour-les-defenseurs-des-droits-de-lhomme-2012\/#primaryimage\"},\"thumbnailUrl\":\"https:\/\/www.martinennalsaward.org\/wp-content\/uploads\/2016\/07\/FINALIST_2012_SQUARE-3.png\",\"datePublished\":\"2012-08-24T21:40:27+00:00\",\"dateModified\":\"2021-09-01T13:45:21+00:00\",\"author\":{\"@id\":\"https:\/\/www.martinennalsaward.org\/#\/schema\/person\/8f1cd8c093a598b77487bcee05730950\"},\"breadcrumb\":{\"@id\":\"https:\/\/www.martinennalsaward.org\/fr\/micheline-calmy-rey-annonce-les-nomines-au-prix-martin-ennals-pour-les-defenseurs-des-droits-de-lhomme-2012\/#breadcrumb\"},\"inLanguage\":\"fr-FR\",\"potentialAction\":[{\"@type\":\"ReadAction\",\"target\":[\"https:\/\/www.martinennalsaward.org\/fr\/micheline-calmy-rey-annonce-les-nomines-au-prix-martin-ennals-pour-les-defenseurs-des-droits-de-lhomme-2012\/\"]}]},{\"@type\":\"ImageObject\",\"inLanguage\":\"fr-FR\",\"@id\":\"https:\/\/www.martinennalsaward.org\/fr\/micheline-calmy-rey-annonce-les-nomines-au-prix-martin-ennals-pour-les-defenseurs-des-droits-de-lhomme-2012\/#primaryimage\",\"url\":\"https:\/\/www.martinennalsaward.org\/wp-content\/uploads\/2016\/07\/FINALIST_2012_SQUARE-3.png\",\"contentUrl\":\"https:\/\/www.martinennalsaward.org\/wp-content\/uploads\/2016\/07\/FINALIST_2012_SQUARE-3.png\",\"width\":700,\"height\":700,\"caption\":\"Martin Ennals Award 2012 Finalists\"},{\"@type\":\"BreadcrumbList\",\"@id\":\"https:\/\/www.martinennalsaward.org\/fr\/micheline-calmy-rey-annonce-les-nomines-au-prix-martin-ennals-pour-les-defenseurs-des-droits-de-lhomme-2012\/#breadcrumb\",\"itemListElement\":[{\"@type\":\"ListItem\",\"position\":1,\"name\":\"Home\",\"item\":\"https:\/\/www.martinennalsaward.org\/\"},{\"@type\":\"ListItem\",\"position\":2,\"name\":\"Micheline Calmy-Rey\u00a0annonce les nomin\u00e9s au Prix Martin Ennals\u00a0 pour les D\u00e9fenseurs des Droits de l\u2019Homme 2012\"}]},{\"@type\":\"WebSite\",\"@id\":\"https:\/\/www.martinennalsaward.org\/#website\",\"url\":\"https:\/\/www.martinennalsaward.org\/\",\"name\":\"Martin Ennals Award\",\"description\":\"For Human Rights Defenders\",\"potentialAction\":[{\"@type\":\"SearchAction\",\"target\":{\"@type\":\"EntryPoint\",\"urlTemplate\":\"https:\/\/www.martinennalsaward.org\/?s={search_term_string}\"},\"query-input\":{\"@type\":\"PropertyValueSpecification\",\"valueRequired\":true,\"valueName\":\"search_term_string\"}}],\"inLanguage\":\"fr-FR\"},{\"@type\":\"Person\",\"@id\":\"https:\/\/www.martinennalsaward.org\/#\/schema\/person\/8f1cd8c093a598b77487bcee05730950\",\"name\":\"Jonas\",\"image\":{\"@type\":\"ImageObject\",\"inLanguage\":\"fr-FR\",\"@id\":\"https:\/\/www.martinennalsaward.org\/#\/schema\/person\/image\/\",\"url\":\"https:\/\/secure.gravatar.com\/avatar\/8d0970cc7fcad0b602d4a863ef0daade?s=96&d=mm&r=g\",\"contentUrl\":\"https:\/\/secure.gravatar.com\/avatar\/8d0970cc7fcad0b602d4a863ef0daade?s=96&d=mm&r=g\",\"caption\":\"Jonas\"},\"url\":\"https:\/\/www.martinennalsaward.org\/fr\/author\/jonas\/\"}]}<\/script>\n<!-- \/ Yoast SEO plugin. -->","yoast_head_json":{"title":"Micheline Calmy-Rey\u00a0annonce les nomin\u00e9s au Prix Martin Ennals\u00a0 pour les D\u00e9fenseurs des Droits de l\u2019Homme 2012 - Martin Ennals Award","robots":{"index":"index","follow":"follow","max-snippet":"max-snippet:-1","max-image-preview":"max-image-preview:large","max-video-preview":"max-video-preview:-1"},"canonical":"https:\/\/www.martinennalsaward.org\/fr\/micheline-calmy-rey-annonce-les-nomines-au-prix-martin-ennals-pour-les-defenseurs-des-droits-de-lhomme-2012\/","og_locale":"fr_FR","og_type":"article","og_title":"Micheline Calmy-Rey\u00a0annonce les nomin\u00e9s au Prix Martin Ennals\u00a0 pour les D\u00e9fenseurs des Droits de l\u2019Homme 2012 - Martin Ennals Award","og_description":"GEN\u00c8VE &#8211; Micheline Calmy-Rey, ancienne pr\u00e9sidente de la Conf\u00e9d\u00e9ration suisse et nouvellement nomm\u00e9e \u00e0 la pr\u00e9sidence de la Fondation Martin Ennals, a annonc\u00e9, aujourd\u2019hui, les nomin\u00e9s au Prix Martin Ennals pour les D\u00e9fenseurs des Droits de l\u2019Homme (MEA) 2012,\u00a0lors d\u2019une conf\u00e9rence de presse qui s\u2019est d\u00e9roul\u00e9e au Palais Eynard de Gen\u00e8ve (Suisse). Le MEA estRead More...","og_url":"https:\/\/www.martinennalsaward.org\/fr\/micheline-calmy-rey-annonce-les-nomines-au-prix-martin-ennals-pour-les-defenseurs-des-droits-de-lhomme-2012\/","og_site_name":"Martin Ennals Award","article_published_time":"2012-08-24T21:40:27+00:00","article_modified_time":"2021-09-01T13:45:21+00:00","og_image":[{"width":700,"height":700,"url":"https:\/\/www.martinennalsaward.org\/wp-content\/uploads\/2016\/07\/FINALIST_2012_SQUARE-3.png","type":"image\/png"}],"author":"Jonas","twitter_card":"summary_large_image","twitter_misc":{"\u00c9crit par":"Jonas","Dur\u00e9e de lecture estim\u00e9e":"2 minutes"},"schema":{"@context":"https:\/\/schema.org","@graph":[{"@type":"WebPage","@id":"https:\/\/www.martinennalsaward.org\/fr\/micheline-calmy-rey-annonce-les-nomines-au-prix-martin-ennals-pour-les-defenseurs-des-droits-de-lhomme-2012\/","url":"https:\/\/www.martinennalsaward.org\/fr\/micheline-calmy-rey-annonce-les-nomines-au-prix-martin-ennals-pour-les-defenseurs-des-droits-de-lhomme-2012\/","name":"Micheline Calmy-Rey\u00a0annonce les nomin\u00e9s au Prix Martin Ennals\u00a0 pour les D\u00e9fenseurs des Droits de l\u2019Homme 2012 - Martin Ennals Award","isPartOf":{"@id":"https:\/\/www.martinennalsaward.org\/#website"},"primaryImageOfPage":{"@id":"https:\/\/www.martinennalsaward.org\/fr\/micheline-calmy-rey-annonce-les-nomines-au-prix-martin-ennals-pour-les-defenseurs-des-droits-de-lhomme-2012\/#primaryimage"},"image":{"@id":"https:\/\/www.martinennalsaward.org\/fr\/micheline-calmy-rey-annonce-les-nomines-au-prix-martin-ennals-pour-les-defenseurs-des-droits-de-lhomme-2012\/#primaryimage"},"thumbnailUrl":"https:\/\/www.martinennalsaward.org\/wp-content\/uploads\/2016\/07\/FINALIST_2012_SQUARE-3.png","datePublished":"2012-08-24T21:40:27+00:00","dateModified":"2021-09-01T13:45:21+00:00","author":{"@id":"https:\/\/www.martinennalsaward.org\/#\/schema\/person\/8f1cd8c093a598b77487bcee05730950"},"breadcrumb":{"@id":"https:\/\/www.martinennalsaward.org\/fr\/micheline-calmy-rey-annonce-les-nomines-au-prix-martin-ennals-pour-les-defenseurs-des-droits-de-lhomme-2012\/#breadcrumb"},"inLanguage":"fr-FR","potentialAction":[{"@type":"ReadAction","target":["https:\/\/www.martinennalsaward.org\/fr\/micheline-calmy-rey-annonce-les-nomines-au-prix-martin-ennals-pour-les-defenseurs-des-droits-de-lhomme-2012\/"]}]},{"@type":"ImageObject","inLanguage":"fr-FR","@id":"https:\/\/www.martinennalsaward.org\/fr\/micheline-calmy-rey-annonce-les-nomines-au-prix-martin-ennals-pour-les-defenseurs-des-droits-de-lhomme-2012\/#primaryimage","url":"https:\/\/www.martinennalsaward.org\/wp-content\/uploads\/2016\/07\/FINALIST_2012_SQUARE-3.png","contentUrl":"https:\/\/www.martinennalsaward.org\/wp-content\/uploads\/2016\/07\/FINALIST_2012_SQUARE-3.png","width":700,"height":700,"caption":"Martin Ennals Award 2012 Finalists"},{"@type":"BreadcrumbList","@id":"https:\/\/www.martinennalsaward.org\/fr\/micheline-calmy-rey-annonce-les-nomines-au-prix-martin-ennals-pour-les-defenseurs-des-droits-de-lhomme-2012\/#breadcrumb","itemListElement":[{"@type":"ListItem","position":1,"name":"Home","item":"https:\/\/www.martinennalsaward.org\/"},{"@type":"ListItem","position":2,"name":"Micheline Calmy-Rey\u00a0annonce les nomin\u00e9s au Prix Martin Ennals\u00a0 pour les D\u00e9fenseurs des Droits de l\u2019Homme 2012"}]},{"@type":"WebSite","@id":"https:\/\/www.martinennalsaward.org\/#website","url":"https:\/\/www.martinennalsaward.org\/","name":"Martin Ennals Award","description":"For Human Rights Defenders","potentialAction":[{"@type":"SearchAction","target":{"@type":"EntryPoint","urlTemplate":"https:\/\/www.martinennalsaward.org\/?s={search_term_string}"},"query-input":{"@type":"PropertyValueSpecification","valueRequired":true,"valueName":"search_term_string"}}],"inLanguage":"fr-FR"},{"@type":"Person","@id":"https:\/\/www.martinennalsaward.org\/#\/schema\/person\/8f1cd8c093a598b77487bcee05730950","name":"Jonas","image":{"@type":"ImageObject","inLanguage":"fr-FR","@id":"https:\/\/www.martinennalsaward.org\/#\/schema\/person\/image\/","url":"https:\/\/secure.gravatar.com\/avatar\/8d0970cc7fcad0b602d4a863ef0daade?s=96&d=mm&r=g","contentUrl":"https:\/\/secure.gravatar.com\/avatar\/8d0970cc7fcad0b602d4a863ef0daade?s=96&d=mm&r=g","caption":"Jonas"},"url":"https:\/\/www.martinennalsaward.org\/fr\/author\/jonas\/"}]}},"_links":{"self":[{"href":"https:\/\/www.martinennalsaward.org\/fr\/wp-json\/wp\/v2\/posts\/750"}],"collection":[{"href":"https:\/\/www.martinennalsaward.org\/fr\/wp-json\/wp\/v2\/posts"}],"about":[{"href":"https:\/\/www.martinennalsaward.org\/fr\/wp-json\/wp\/v2\/types\/post"}],"author":[{"embeddable":true,"href":"https:\/\/www.martinennalsaward.org\/fr\/wp-json\/wp\/v2\/users\/11"}],"replies":[{"embeddable":true,"href":"https:\/\/www.martinennalsaward.org\/fr\/wp-json\/wp\/v2\/comments?post=750"}],"version-history":[{"count":0,"href":"https:\/\/www.martinennalsaward.org\/fr\/wp-json\/wp\/v2\/posts\/750\/revisions"}],"wp:featuredmedia":[{"embeddable":true,"href":"https:\/\/www.martinennalsaward.org\/fr\/wp-json\/wp\/v2\/media\/486"}],"wp:attachment":[{"href":"https:\/\/www.martinennalsaward.org\/fr\/wp-json\/wp\/v2\/media?parent=750"}],"wp:term":[{"taxonomy":"category","embeddable":true,"href":"https:\/\/www.martinennalsaward.org\/fr\/wp-json\/wp\/v2\/categories?post=750"},{"taxonomy":"post_tag","embeddable":true,"href":"https:\/\/www.martinennalsaward.org\/fr\/wp-json\/wp\/v2\/tags?post=750"},{"taxonomy":"news_section","embeddable":true,"href":"https:\/\/www.martinennalsaward.org\/fr\/wp-json\/wp\/v2\/news_section?post=750"}],"curies":[{"name":"wp","href":"https:\/\/api.w.org\/{rel}","templated":true}]}}