{"id":6285,"date":"2021-06-22T16:32:52","date_gmt":"2021-06-22T14:32:52","guid":{"rendered":"https:\/\/www.martinennalsaward.org\/fr\/?p=6285"},"modified":"2021-09-01T16:11:45","modified_gmt":"2021-09-01T14:11:45","slug":"leducation%e2%80%af-la-voie-a-suivre","status":"publish","type":"post","link":"https:\/\/www.martinennalsaward.org\/fr\/leducation%e2%80%af-la-voie-a-suivre\/","title":{"rendered":"L&rsquo;\u00e9ducation\u202f? La voie \u00e0 suivre\u00a0\u00a0\u00a0"},"content":{"rendered":"<div id=\"attachment_6278\" style=\"width: 598px\" class=\"wp-caption alignnone\"><img fetchpriority=\"high\" decoding=\"async\" aria-describedby=\"caption-attachment-6278\" class=\" wp-image-6278\" src=\"https:\/\/www.martinennalsaward.org\/wp-content\/uploads\/2021\/06\/karla-avelar-education-project-300x225.jpg\" alt=\"\" width=\"588\" height=\"441\" srcset=\"https:\/\/www.martinennalsaward.org\/wp-content\/uploads\/2021\/06\/karla-avelar-education-project-300x225.jpg 300w, https:\/\/www.martinennalsaward.org\/wp-content\/uploads\/2021\/06\/karla-avelar-education-project-1024x768.jpg 1024w, https:\/\/www.martinennalsaward.org\/wp-content\/uploads\/2021\/06\/karla-avelar-education-project-768x576.jpg 768w, https:\/\/www.martinennalsaward.org\/wp-content\/uploads\/2021\/06\/karla-avelar-education-project-1536x1152.jpg 1536w, https:\/\/www.martinennalsaward.org\/wp-content\/uploads\/2021\/06\/karla-avelar-education-project-2048x1536.jpg 2048w\" sizes=\"(max-width: 588px) 100vw, 588px\" \/><p id=\"caption-attachment-6278\" class=\"wp-caption-text\">Finaliste du Prix Martin Ennals 2017, Karla Avelar (au centre), dans une \u00e9cole genevoise<\/p><\/div>\n<h3>\u00c0 Gen\u00e8ve, les droits humains ne sont pas seulement \u00e0 l&rsquo;agenda des experts de l&rsquo;ONU. Ils sont aussi promus par les autorit\u00e9s locales et d\u00e9battus sur les bancs d\u2019\u00e9coles. Isabel de Sola, directrice de la Fondation Martin Ennals, nous parle du projet \u00e9ducatif de la Fondation &#8211; un programme visant \u00e0 familiariser les \u00e9l\u00e8ves avec le concept des droits humains et les causes promues par les d\u00e9fenseur-euse-s soutenus par la Fondation.<\/h3>\n<h4>Sujet \u00e0 risque<\/h4>\n<p><span data-contrast=\"auto\">Lorsque j&rsquo;\u00e9tais \u00e0 l&rsquo;\u00e9cole en Am\u00e9rique centrale, il \u00e9tait jug\u00e9 trop d\u00e9licat, voire dangereux, de parler aux jeunes de la D\u00e9claration universelle des droits de l\u2019homme, alors les droits des migrants ou droits LGBTQI+, n\u2019en parlons pas. Nombreux sont les syst\u00e8mes \u00e9ducatifs dans le monde qui, \u00e0 l\u2019instar des romans dystopiques, ne transmettent pas aux jeunes le sens de notre droit universel et inali\u00e9nable \u00e0 la dignit\u00e9, au respect et \u00e0 la libert\u00e9.\u00a0<\/span><span data-ccp-props=\"{&quot;335551550&quot;:6,&quot;335551620&quot;:6}\">\u00a0<\/span><\/p>\n<p><span data-contrast=\"auto\">Pourtant, ces jeunes sont les \u00e9lecteur-rice-s de demain, ou ceux et celles qui manifesteront pacifiquement pour d\u00e9fendre nos droits et ceux des populations qui en sont priv\u00e9s. Le mouvement des droits humains a donc tout int\u00e9r\u00eat \u00e0 \u00eatre aux c\u00f4t\u00e9s de la nouvelle g\u00e9n\u00e9ration qui pourra se faire entendre aupr\u00e8s des syst\u00e8mes politiques.\u00a0<\/span><span data-ccp-props=\"{&quot;335551550&quot;:6,&quot;335551620&quot;:6}\">\u00a0<\/span><\/p>\n<p><span data-contrast=\"auto\">L&rsquo;\u00c9tat de Gen\u00e8ve l&rsquo;a bien compris en mettant au premier plan l&rsquo;\u00e9ducation aux droits humains pour les jeunes. Les \u00e9l\u00e8ves sont sensibilis\u00e9s \u00e0 ce sujet jusqu&rsquo;\u00e0 trois reprises durant leur cursus, que ce soit \u00e0 l\u2019occasion d\u2019un cours de langue, d&rsquo;histoire ou de sciences sociales, dans le cadre de leur programme d&rsquo;\u00e9conomie et de commerce, ou encore \u00e0 l&rsquo;\u00e9cole technique.\u00a0\u00a0<\/span><span data-ccp-props=\"{&quot;335551550&quot;:6,&quot;335551620&quot;:6}\">\u00a0<\/span><\/p>\n<h4>Pas de progr\u00e8s sans \u00e9ducation aux droits humains<\/h4>\n<p><i><span data-contrast=\"auto\">\u00ab\u00a0Avant de devenir une femme, quel \u00e9tait votre nom lorsque vous \u00e9tiez un gar\u00e7on ?\u00a0\u00bb, \u00ab\u00a0Comment vous \u00eates-vous remis de votre exp\u00e9rience en prison ?\u00a0\u00bb, <\/span><\/i><span data-contrast=\"auto\">\u00ab\u00a0<\/span><i><span data-contrast=\"auto\">Pourquoi la conduite automobile est-elle interdite aux femmes dans votre pays ?\u00a0\u00bb<\/span><\/i><span data-contrast=\"auto\">. Ce sont l\u00e0 quelques-unes des questions br\u00fblantes pos\u00e9es par des \u00e9l\u00e8ves du secondaire de Gen\u00e8ve aux d\u00e9fenseur-euse-s des droits humains lors des ateliers men\u00e9s par la Fondation Martin Ennals, en collaboration avec <a href=\"https:\/\/www.amnesty.ch\/fr\/sur-amnesty\/portrait\/amnesty-suisse\" target=\"_blank\" rel=\"noopener\">Amnesty International Suisse<\/a> et <a href=\"http:\/\/www.trueheroesfilms.com\" target=\"_blank\" rel=\"noopener\">True Heroes Films<\/a>.\u00a0\u00a0<\/span><span data-ccp-props=\"{&quot;335551550&quot;:6,&quot;335551620&quot;:6}\">\u00a0<\/span><\/p>\n<p><span data-contrast=\"auto\">Le programme &#8211; intitul\u00e9 <\/span><i><span data-contrast=\"auto\">\u00ab\u00a0<a href=\"https:\/\/www.martinennalsaward.org\/fr\/programs\/education\/\" target=\"_blank\" rel=\"noopener\">D\u00e9fendre les droits humains, ici et ailleurs<\/a>\u00ab\u00a0<\/span><\/i><span data-contrast=\"auto\"> &#8211; sensibilise les \u00e9l\u00e8ves \u00e0 la d\u00e9fense des droits humains et aux outils pour faire campagne dans ce domaine. Il combine pour cela plusieurs techniques et jeux afin de partager au mieux les parcours des d\u00e9fenseur-euse-s des droits humains et leurs causes. Au final, les \u00e9l\u00e8ves \u00e9laborent leurs propres campagnes pour se familiariser avec diff\u00e9rentes techniques de communication pour la d\u00e9fense des droits humains.\u00a0\u00a0<\/span><span data-ccp-props=\"{&quot;335551550&quot;:6,&quot;335551620&quot;:6}\">\u00a0<\/span><\/p>\n<h4>Construire des ponts<\/h4>\n<p><span data-contrast=\"auto\">Les laur\u00e9at-e-s du Prix Martin Ennals sont invit\u00e9s dans les \u00e9coles \u00e0 la fin de ce programme pour un \u00e9change tr\u00e8s personnel avec les \u00e9l\u00e8ves. Ces moments de partage sont inestimables, tant pour les \u00e9l\u00e8ves, que pour les enseignant-e-s ainsi que pour les d\u00e9fenseur-euse-s du Prix Martin Ennals. Ces dernier-\u00e8re-s se retrouvent face \u00e0 une multitude de questions percutantes et en viennent \u00e0 partager avec ces jeunes leurs motivations, leurs espoirs et leurs craintes.\u00a0<\/span><span data-ccp-props=\"{&quot;335551550&quot;:6,&quot;335551620&quot;:6}\">\u00a0<\/span><\/p>\n<p><span data-contrast=\"auto\">Mieux que tout autre technique de cours, ces rencontres encouragent la nouvelle g\u00e9n\u00e9ration \u00e0 soutenir la cause universelle des droits humains.\u00a0 Et c\u2019est en observant ces moments uniques que j&rsquo;ai compris \u00e0 quel point Gen\u00e8ve est un lieu sp\u00e9cial, o\u00f9 les habitant-e-s sont pr\u00eat-e-s \u00e0 se liens \u00e0 des individus venus de pays lointains, o\u00f9 la vie est parfois radicalement diff\u00e9rente.\u00a0<\/span><span data-ccp-props=\"{&quot;335551550&quot;:6,&quot;335551620&quot;:6}\">\u00a0<\/span><\/p>\n<p><span data-contrast=\"auto\">J&rsquo;aimerais toutefois \u00e9viter un pi\u00e8ge:\u00a0 celui d\u2019avoir \u00e0 convaincre tous-toutes les \u00e9tudiant-e-s de la n\u00e9cessit\u00e9 des droits humains. Ils ne doivent pas en ressortir avec le sentiment que nous avons tent\u00e9 de leur laver le cerveau. Certaines des questions abord\u00e9es dans notre programme ne font par exemple pas n\u00e9cessairement l&rsquo;objet d&rsquo;un consensus universel\u202f: le droit d&rsquo;asile, les droits des minorit\u00e9s sexuelles ou encore les droits environnementaux sont remis en question par certain-e-s. Pourtant, de nombreux-ses \u00e9l\u00e8ves n&rsquo;osent pas exprimer leurs doute de crainte d\u2019aller \u00e0 l&rsquo;encontre de ce qu&rsquo;ils pensent \u00eatre l\u2019opinion des enseignants ou des d\u00e9fenseur-euse-s rencontr\u00e9s. Mon objectif est qu&rsquo;au cours des prochaines \u00e9ditions de ce programme, nous cr\u00e9ions un climat de confiance tel que les \u00e9l\u00e8ves se sentent autoris\u00e9s \u00e0 d\u00e9battre ouvertement de leurs id\u00e9es et des nouveaux enjeux pour le mouvement des droits humains. L&rsquo;\u00e9cole devrait \u00eatre un lieu, je l&rsquo;esp\u00e8re, o\u00f9 nous restons ouverts et \u00e0 l&rsquo;\u00e9coute d&rsquo;id\u00e9es diff\u00e9rentes des n\u00f4tres.\u00a0\u00a0\u00a0\u00a0<\/span><span data-ccp-props=\"{&quot;335551550&quot;:6,&quot;335551620&quot;:6}\">\u00a0<\/span><span data-contrast=\"auto\">\u00a0<\/span><span data-ccp-props=\"{&quot;335551550&quot;:6,&quot;335551620&quot;:6}\">\u00a0<\/span><\/p>\n<h4>Unis dans notre humanit\u00e9 commune<\/h4>\n<p><span data-contrast=\"auto\">Lors d&rsquo;un des derniers ateliers donn\u00e9s, l&rsquo;un des \u00e9l\u00e8ves a demand\u00e9 au d\u00e9fenseur pr\u00e9sent comment il envisageait de poursuivre son travail en exil? Le d\u00e9fenseur a r\u00e9pondu qu\u2019\u00e0 ses yeux, l\u2019humanit\u00e9 ne forme qu\u2019un seul tout et que les fronti\u00e8res entre les pays, les cultures ou encore les g\u00e9n\u00e9rations sont toutes relatives et ne doivent pas faire barrage au vivre ensemble. \u00ab\u00a0<\/span><i><span data-contrast=\"auto\">Je suis ici aujourd&rsquo;hui avec vous<\/span><\/i><span data-contrast=\"auto\">\u00ab\u00a0, leur a-t-il dit, \u00ab\u00a0<\/span><i><span data-contrast=\"auto\">parce que si vous entendez parler de ce qui se passe dans mon pays, peut-\u00eatre vous joindrez-vous \u00e0 moi pour oeuvrer au changement demain.\u00a0\u00bb\u00a0\u00a0\u00a0<\/span><\/i><span data-ccp-props=\"{&quot;335551550&quot;:6,&quot;335551620&quot;:6}\">\u00a0<\/span><\/p>\n<p><span data-contrast=\"auto\">Faisons donc en sorte pour que ceci devienne r\u00e9alit\u00e9, et que les \u00e9l\u00e8ves qui deviendront les \u00e9lecteur-rice-s et les manifestant-e-s de demain, reprennent le flambeau pour que Gen\u00e8ve demeure la capitale des droits humains &#8211; mais aussi pour continuer \u00e0 soutenir des causes dans le monde entier.\u00a0\u00a0<\/span><span data-ccp-props=\"{&quot;335551550&quot;:6,&quot;335551620&quot;:6}\">\u00a0<\/span><\/p>\n<p><em>Isabel de Sola,\u00a0Directrice,\u00a0Fondation Martin Ennals\u00a0\u00a0<\/em><\/p>\n","protected":false},"excerpt":{"rendered":"<p>\u00c0 Gen\u00e8ve, les droits humains ne sont pas seulement \u00e0 l&rsquo;agenda des experts de l&rsquo;ONU. Ils sont aussi promus par les autorit\u00e9s locales et d\u00e9battus sur les bancs d\u2019\u00e9coles. Isabel de Sola, directrice de la Fondation Martin Ennals, nous parle du projet \u00e9ducatif de la Fondation &#8211; un programme visant \u00e0 familiariser les \u00e9l\u00e8ves avec<a class=\"read-more\" href=\"https:\/\/www.martinennalsaward.org\/fr\/leducation%e2%80%af-la-voie-a-suivre\/\">Read More&#8230;<\/a><\/p>\n","protected":false},"author":9,"featured_media":6278,"comment_status":"open","ping_status":"open","sticky":false,"template":"","format":"standard","meta":{"_acf_changed":false,"footnotes":""},"categories":[237,2],"tags":[259],"news_section":[551,343],"class_list":["post-6285","post","type-post","status-publish","format-standard","has-post-thumbnail","hentry","category-actualites","category-non-classifiee","tag-projet-deducation","news_section-education-fr","news_section-news"],"acf":[],"yoast_head":"<!-- This site is optimized with the Yoast SEO plugin v24.1 - https:\/\/yoast.com\/wordpress\/plugins\/seo\/ -->\n<title>L&#039;\u00e9ducation\u202f? La voie \u00e0 suivre\u00a0\u00a0\u00a0 - Martin Ennals Award<\/title>\n<meta name=\"description\" content=\"\u00c0 Gen\u00e8ve, les droits humains ne sont pas seulement \u00e0 l&#039;agenda des experts de l&#039;ONU, mais aussi d\u00e9battus sur les bancs d\u2019\u00e9coles.\" \/>\n<meta name=\"robots\" content=\"index, follow, max-snippet:-1, max-image-preview:large, max-video-preview:-1\" \/>\n<link rel=\"canonical\" href=\"https:\/\/www.martinennalsaward.org\/fr\/leducation\u202f-la-voie-a-suivre\/\" \/>\n<meta property=\"og:locale\" content=\"fr_FR\" \/>\n<meta property=\"og:type\" content=\"article\" \/>\n<meta property=\"og:title\" content=\"L&#039;\u00e9ducation\u202f? La voie \u00e0 suivre\u00a0\u00a0\u00a0 - Martin Ennals Award\" \/>\n<meta property=\"og:description\" content=\"\u00c0 Gen\u00e8ve, les droits humains ne sont pas seulement \u00e0 l&#039;agenda des experts de l&#039;ONU, mais aussi d\u00e9battus sur les bancs d\u2019\u00e9coles.\" \/>\n<meta property=\"og:url\" content=\"https:\/\/www.martinennalsaward.org\/fr\/leducation\u202f-la-voie-a-suivre\/\" \/>\n<meta property=\"og:site_name\" content=\"Martin Ennals Award\" \/>\n<meta property=\"article:published_time\" content=\"2021-06-22T14:32:52+00:00\" \/>\n<meta property=\"article:modified_time\" content=\"2021-09-01T14:11:45+00:00\" \/>\n<meta property=\"og:image\" content=\"https:\/\/www.martinennalsaward.org\/wp-content\/uploads\/2021\/06\/karla-avelar-education-project-scaled.jpg\" \/>\n\t<meta property=\"og:image:width\" content=\"2560\" \/>\n\t<meta property=\"og:image:height\" content=\"1920\" \/>\n\t<meta property=\"og:image:type\" content=\"image\/jpeg\" \/>\n<meta name=\"author\" content=\"Media MEA\" \/>\n<meta name=\"twitter:card\" content=\"summary_large_image\" \/>\n<meta name=\"twitter:label1\" content=\"\u00c9crit par\" \/>\n\t<meta name=\"twitter:data1\" content=\"Media MEA\" \/>\n\t<meta name=\"twitter:label2\" content=\"Dur\u00e9e de lecture estim\u00e9e\" \/>\n\t<meta name=\"twitter:data2\" content=\"5 minutes\" \/>\n<script type=\"application\/ld+json\" class=\"yoast-schema-graph\">{\"@context\":\"https:\/\/schema.org\",\"@graph\":[{\"@type\":\"WebPage\",\"@id\":\"https:\/\/www.martinennalsaward.org\/fr\/leducation%e2%80%af-la-voie-a-suivre\/\",\"url\":\"https:\/\/www.martinennalsaward.org\/fr\/leducation%e2%80%af-la-voie-a-suivre\/\",\"name\":\"L'\u00e9ducation\u202f? La voie \u00e0 suivre\u00a0\u00a0\u00a0 - Martin Ennals Award\",\"isPartOf\":{\"@id\":\"https:\/\/www.martinennalsaward.org\/#website\"},\"primaryImageOfPage\":{\"@id\":\"https:\/\/www.martinennalsaward.org\/fr\/leducation%e2%80%af-la-voie-a-suivre\/#primaryimage\"},\"image\":{\"@id\":\"https:\/\/www.martinennalsaward.org\/fr\/leducation%e2%80%af-la-voie-a-suivre\/#primaryimage\"},\"thumbnailUrl\":\"https:\/\/www.martinennalsaward.org\/wp-content\/uploads\/2021\/06\/karla-avelar-education-project-scaled.jpg\",\"datePublished\":\"2021-06-22T14:32:52+00:00\",\"dateModified\":\"2021-09-01T14:11:45+00:00\",\"author\":{\"@id\":\"https:\/\/www.martinennalsaward.org\/#\/schema\/person\/e5b5e129cdd55c19f6492f506c7aae2b\"},\"description\":\"\u00c0 Gen\u00e8ve, les droits humains ne sont pas seulement \u00e0 l'agenda des experts de l'ONU, mais aussi d\u00e9battus sur les bancs d\u2019\u00e9coles.\",\"breadcrumb\":{\"@id\":\"https:\/\/www.martinennalsaward.org\/fr\/leducation%e2%80%af-la-voie-a-suivre\/#breadcrumb\"},\"inLanguage\":\"fr-FR\",\"potentialAction\":[{\"@type\":\"ReadAction\",\"target\":[\"https:\/\/www.martinennalsaward.org\/fr\/leducation%e2%80%af-la-voie-a-suivre\/\"]}]},{\"@type\":\"ImageObject\",\"inLanguage\":\"fr-FR\",\"@id\":\"https:\/\/www.martinennalsaward.org\/fr\/leducation%e2%80%af-la-voie-a-suivre\/#primaryimage\",\"url\":\"https:\/\/www.martinennalsaward.org\/wp-content\/uploads\/2021\/06\/karla-avelar-education-project-scaled.jpg\",\"contentUrl\":\"https:\/\/www.martinennalsaward.org\/wp-content\/uploads\/2021\/06\/karla-avelar-education-project-scaled.jpg\",\"width\":2560,\"height\":1920,\"caption\":\"Finaliste du Prix Martin Ennals 2017, Karla Avelar (au centre), dans une \u00e9cole genevoise\"},{\"@type\":\"BreadcrumbList\",\"@id\":\"https:\/\/www.martinennalsaward.org\/fr\/leducation%e2%80%af-la-voie-a-suivre\/#breadcrumb\",\"itemListElement\":[{\"@type\":\"ListItem\",\"position\":1,\"name\":\"Home\",\"item\":\"https:\/\/www.martinennalsaward.org\/\"},{\"@type\":\"ListItem\",\"position\":2,\"name\":\"L&rsquo;\u00e9ducation\u202f? La voie \u00e0 suivre\u00a0\u00a0\u00a0\"}]},{\"@type\":\"WebSite\",\"@id\":\"https:\/\/www.martinennalsaward.org\/#website\",\"url\":\"https:\/\/www.martinennalsaward.org\/\",\"name\":\"Martin Ennals Award\",\"description\":\"For Human Rights Defenders\",\"potentialAction\":[{\"@type\":\"SearchAction\",\"target\":{\"@type\":\"EntryPoint\",\"urlTemplate\":\"https:\/\/www.martinennalsaward.org\/?s={search_term_string}\"},\"query-input\":{\"@type\":\"PropertyValueSpecification\",\"valueRequired\":true,\"valueName\":\"search_term_string\"}}],\"inLanguage\":\"fr-FR\"},{\"@type\":\"Person\",\"@id\":\"https:\/\/www.martinennalsaward.org\/#\/schema\/person\/e5b5e129cdd55c19f6492f506c7aae2b\",\"name\":\"Media MEA\",\"image\":{\"@type\":\"ImageObject\",\"inLanguage\":\"fr-FR\",\"@id\":\"https:\/\/www.martinennalsaward.org\/#\/schema\/person\/image\/\",\"url\":\"https:\/\/secure.gravatar.com\/avatar\/dddd036b53ffcc641447ce50b0f8dd31?s=96&d=mm&r=g\",\"contentUrl\":\"https:\/\/secure.gravatar.com\/avatar\/dddd036b53ffcc641447ce50b0f8dd31?s=96&d=mm&r=g\",\"caption\":\"Media MEA\"},\"sameAs\":[\"http:\/\/www.martinennalsaward.org\",\"media@martinennalsaward.org\"],\"url\":\"https:\/\/www.martinennalsaward.org\/fr\/author\/mea-media\/\"}]}<\/script>\n<!-- \/ Yoast SEO plugin. -->","yoast_head_json":{"title":"L'\u00e9ducation\u202f? La voie \u00e0 suivre\u00a0\u00a0\u00a0 - Martin Ennals Award","description":"\u00c0 Gen\u00e8ve, les droits humains ne sont pas seulement \u00e0 l'agenda des experts de l'ONU, mais aussi d\u00e9battus sur les bancs d\u2019\u00e9coles.","robots":{"index":"index","follow":"follow","max-snippet":"max-snippet:-1","max-image-preview":"max-image-preview:large","max-video-preview":"max-video-preview:-1"},"canonical":"https:\/\/www.martinennalsaward.org\/fr\/leducation\u202f-la-voie-a-suivre\/","og_locale":"fr_FR","og_type":"article","og_title":"L'\u00e9ducation\u202f? La voie \u00e0 suivre\u00a0\u00a0\u00a0 - Martin Ennals Award","og_description":"\u00c0 Gen\u00e8ve, les droits humains ne sont pas seulement \u00e0 l'agenda des experts de l'ONU, mais aussi d\u00e9battus sur les bancs d\u2019\u00e9coles.","og_url":"https:\/\/www.martinennalsaward.org\/fr\/leducation\u202f-la-voie-a-suivre\/","og_site_name":"Martin Ennals Award","article_published_time":"2021-06-22T14:32:52+00:00","article_modified_time":"2021-09-01T14:11:45+00:00","og_image":[{"width":2560,"height":1920,"url":"https:\/\/www.martinennalsaward.org\/wp-content\/uploads\/2021\/06\/karla-avelar-education-project-scaled.jpg","type":"image\/jpeg"}],"author":"Media MEA","twitter_card":"summary_large_image","twitter_misc":{"\u00c9crit par":"Media MEA","Dur\u00e9e de lecture estim\u00e9e":"5 minutes"},"schema":{"@context":"https:\/\/schema.org","@graph":[{"@type":"WebPage","@id":"https:\/\/www.martinennalsaward.org\/fr\/leducation%e2%80%af-la-voie-a-suivre\/","url":"https:\/\/www.martinennalsaward.org\/fr\/leducation%e2%80%af-la-voie-a-suivre\/","name":"L'\u00e9ducation\u202f? La voie \u00e0 suivre\u00a0\u00a0\u00a0 - Martin Ennals Award","isPartOf":{"@id":"https:\/\/www.martinennalsaward.org\/#website"},"primaryImageOfPage":{"@id":"https:\/\/www.martinennalsaward.org\/fr\/leducation%e2%80%af-la-voie-a-suivre\/#primaryimage"},"image":{"@id":"https:\/\/www.martinennalsaward.org\/fr\/leducation%e2%80%af-la-voie-a-suivre\/#primaryimage"},"thumbnailUrl":"https:\/\/www.martinennalsaward.org\/wp-content\/uploads\/2021\/06\/karla-avelar-education-project-scaled.jpg","datePublished":"2021-06-22T14:32:52+00:00","dateModified":"2021-09-01T14:11:45+00:00","author":{"@id":"https:\/\/www.martinennalsaward.org\/#\/schema\/person\/e5b5e129cdd55c19f6492f506c7aae2b"},"description":"\u00c0 Gen\u00e8ve, les droits humains ne sont pas seulement \u00e0 l'agenda des experts de l'ONU, mais aussi d\u00e9battus sur les bancs d\u2019\u00e9coles.","breadcrumb":{"@id":"https:\/\/www.martinennalsaward.org\/fr\/leducation%e2%80%af-la-voie-a-suivre\/#breadcrumb"},"inLanguage":"fr-FR","potentialAction":[{"@type":"ReadAction","target":["https:\/\/www.martinennalsaward.org\/fr\/leducation%e2%80%af-la-voie-a-suivre\/"]}]},{"@type":"ImageObject","inLanguage":"fr-FR","@id":"https:\/\/www.martinennalsaward.org\/fr\/leducation%e2%80%af-la-voie-a-suivre\/#primaryimage","url":"https:\/\/www.martinennalsaward.org\/wp-content\/uploads\/2021\/06\/karla-avelar-education-project-scaled.jpg","contentUrl":"https:\/\/www.martinennalsaward.org\/wp-content\/uploads\/2021\/06\/karla-avelar-education-project-scaled.jpg","width":2560,"height":1920,"caption":"Finaliste du Prix Martin Ennals 2017, Karla Avelar (au centre), dans une \u00e9cole genevoise"},{"@type":"BreadcrumbList","@id":"https:\/\/www.martinennalsaward.org\/fr\/leducation%e2%80%af-la-voie-a-suivre\/#breadcrumb","itemListElement":[{"@type":"ListItem","position":1,"name":"Home","item":"https:\/\/www.martinennalsaward.org\/"},{"@type":"ListItem","position":2,"name":"L&rsquo;\u00e9ducation\u202f? La voie \u00e0 suivre\u00a0\u00a0\u00a0"}]},{"@type":"WebSite","@id":"https:\/\/www.martinennalsaward.org\/#website","url":"https:\/\/www.martinennalsaward.org\/","name":"Martin Ennals Award","description":"For Human Rights Defenders","potentialAction":[{"@type":"SearchAction","target":{"@type":"EntryPoint","urlTemplate":"https:\/\/www.martinennalsaward.org\/?s={search_term_string}"},"query-input":{"@type":"PropertyValueSpecification","valueRequired":true,"valueName":"search_term_string"}}],"inLanguage":"fr-FR"},{"@type":"Person","@id":"https:\/\/www.martinennalsaward.org\/#\/schema\/person\/e5b5e129cdd55c19f6492f506c7aae2b","name":"Media MEA","image":{"@type":"ImageObject","inLanguage":"fr-FR","@id":"https:\/\/www.martinennalsaward.org\/#\/schema\/person\/image\/","url":"https:\/\/secure.gravatar.com\/avatar\/dddd036b53ffcc641447ce50b0f8dd31?s=96&d=mm&r=g","contentUrl":"https:\/\/secure.gravatar.com\/avatar\/dddd036b53ffcc641447ce50b0f8dd31?s=96&d=mm&r=g","caption":"Media MEA"},"sameAs":["http:\/\/www.martinennalsaward.org","media@martinennalsaward.org"],"url":"https:\/\/www.martinennalsaward.org\/fr\/author\/mea-media\/"}]}},"_links":{"self":[{"href":"https:\/\/www.martinennalsaward.org\/fr\/wp-json\/wp\/v2\/posts\/6285"}],"collection":[{"href":"https:\/\/www.martinennalsaward.org\/fr\/wp-json\/wp\/v2\/posts"}],"about":[{"href":"https:\/\/www.martinennalsaward.org\/fr\/wp-json\/wp\/v2\/types\/post"}],"author":[{"embeddable":true,"href":"https:\/\/www.martinennalsaward.org\/fr\/wp-json\/wp\/v2\/users\/9"}],"replies":[{"embeddable":true,"href":"https:\/\/www.martinennalsaward.org\/fr\/wp-json\/wp\/v2\/comments?post=6285"}],"version-history":[{"count":0,"href":"https:\/\/www.martinennalsaward.org\/fr\/wp-json\/wp\/v2\/posts\/6285\/revisions"}],"wp:featuredmedia":[{"embeddable":true,"href":"https:\/\/www.martinennalsaward.org\/fr\/wp-json\/wp\/v2\/media\/6278"}],"wp:attachment":[{"href":"https:\/\/www.martinennalsaward.org\/fr\/wp-json\/wp\/v2\/media?parent=6285"}],"wp:term":[{"taxonomy":"category","embeddable":true,"href":"https:\/\/www.martinennalsaward.org\/fr\/wp-json\/wp\/v2\/categories?post=6285"},{"taxonomy":"post_tag","embeddable":true,"href":"https:\/\/www.martinennalsaward.org\/fr\/wp-json\/wp\/v2\/tags?post=6285"},{"taxonomy":"news_section","embeddable":true,"href":"https:\/\/www.martinennalsaward.org\/fr\/wp-json\/wp\/v2\/news_section?post=6285"}],"curies":[{"name":"wp","href":"https:\/\/api.w.org\/{rel}","templated":true}]}}