{"id":5611,"date":"2021-03-01T16:03:39","date_gmt":"2021-03-01T15:03:39","guid":{"rendered":"https:\/\/www.martinennalsaward.org\/fr\/?p=5611"},"modified":"2021-09-01T15:45:13","modified_gmt":"2021-09-01T13:45:13","slug":"le-courageux-combat-de-soltan-achilova-au-turkmenistan","status":"publish","type":"post","link":"https:\/\/www.martinennalsaward.org\/fr\/le-courageux-combat-de-soltan-achilova-au-turkmenistan\/","title":{"rendered":"Le courageux combat de Soltan Achilova au Turkm\u00e9nistan"},"content":{"rendered":"<h3>Soltan Achilova, finaliste du Prix Martin Ennals 2021, est une reporter turkm\u00e8ne \u00e2g\u00e9e de 71\u202fans qui se bat pour la libert\u00e9 d\u2019expression au Turkm\u00e9nistan, l\u2019un des pays les plus isol\u00e9s au monde et o\u00f9 la censure r\u00e8gne. Son combat lui a valu d\u2019\u00eatre victime d\u2019agressions physiques, interdite de voyager et surveill\u00e9e de tr\u00e8s pr\u00e8s. Malgr\u00e9 ces repr\u00e9sailles, elle continue \u00e0 lutter pour faire \u00e9clater la v\u00e9rit\u00e9 et \u00e0 d\u00e9noncer les violations des droits humains commises dans son pays.<\/h3>\n<p><iframe title=\"Film sur Soltan Achilova - Finaliste du Prix Martin Ennals 2021\" width=\"500\" height=\"281\" data-src=\"https:\/\/www.youtube.com\/embed\/-yMpup-Vqss?feature=oembed\" frameborder=\"0\" allow=\"accelerometer; autoplay; clipboard-write; encrypted-media; gyroscope; picture-in-picture; web-share\" referrerpolicy=\"strict-origin-when-cross-origin\" allowfullscreen src=\"data:image\/gif;base64,R0lGODlhAQABAAAAACH5BAEKAAEALAAAAAABAAEAAAICTAEAOw==\" class=\"lazyload\" data-load-mode=\"1\"><\/iframe><\/p>\n<h4>Un pays sans libert\u00e9<\/h4>\n<p><span data-contrast=\"none\">Depuis plus de dix ans, la journaliste ind\u00e9pendante et d\u00e9fenseuse des droits humains <\/span><span data-contrast=\"none\">Soltan<\/span> <span data-contrast=\"none\">Achilova<\/span><span data-contrast=\"none\"> documente les violations des droits humains au Turkm\u00e9nistan. Elle sensibilise aussi l\u2019opinion publique sur ces abus dont l&rsquo;ampleur reste largement m\u00e9connue <\/span><span data-contrast=\"none\">faute de <\/span><span data-contrast=\"none\">libert\u00e9s <\/span><span data-contrast=\"none\">de la presse<\/span><span data-contrast=\"none\">, d&rsquo;expression, de r\u00e9union, de religion et de mouvement<\/span><span data-contrast=\"none\"> dans son pays<\/span><span data-contrast=\"none\">. Le constat dress\u00e9 par <\/span><span data-contrast=\"none\">Human<\/span> <span data-contrast=\"none\">Rights<\/span><span data-contrast=\"none\"> Watch<\/span> <span data-contrast=\"none\">dans son dernier <\/span><a href=\"https:\/\/www.hrw.org\/world-report\/2021\/country-chapters\/turkmenistan\" target=\"_blank\" rel=\"noopener\"><span data-contrast=\"none\">Rapport mondial<\/span><\/a><span data-contrast=\"none\"> est accablant\u202f<\/span><i><span data-contrast=\"none\">: <\/span><\/i><i><span data-contrast=\"none\">\u00ab\u202fLe gouvernement turkm\u00e8ne impose des restrictions punitives sur les libert\u00e9s des m\u00e9dias et de religion\u202f; il contr\u00f4le aussi \u00e9troitement l&rsquo;acc\u00e8s \u00e0 l&rsquo;information. Les militant-e-s ind\u00e9pendant-e-s, y compris les activistes exil\u00e9-e-s, sont constamment menac\u00e9-e-s de repr\u00e9sailles par le <\/span><\/i><i><span data-contrast=\"none\">r\u00e9gime<\/span><\/i><i><span data-contrast=\"none\">. Des dizaines de personnes disparues de force croupiraient dans les prisons turkm\u00e8nes, o\u00f9 la torture et les mauvais traitements<\/span><\/i><i><span data-contrast=\"none\"> sont end\u00e9miques<\/span><\/i><i><span data-contrast=\"none\">.<\/span><\/i><span data-ccp-props=\"{}\">\u00a0<\/span><\/p>\n<h4>Une femme de grand courage<\/h4>\n<p><span data-contrast=\"none\">C<\/span><span data-contrast=\"none\">\u2019est l<\/span><span data-contrast=\"none\">a surveillance <\/span><span data-contrast=\"none\">constante dont elle fait l\u2019objet<\/span><span data-contrast=\"none\"> et le d\u00e9ni des droits fondamentaux <\/span><span data-contrast=\"none\">de ses concitoyens <\/span><span data-contrast=\"none\">qui <\/span><span data-contrast=\"none\">ont pouss\u00e9 <\/span><span data-contrast=\"none\">Soltan<\/span><span data-contrast=\"none\"> \u00e0 <\/span><span data-contrast=\"none\">devenir une activiste<\/span><span data-contrast=\"none\">. <\/span><span data-contrast=\"none\">E<\/span><span data-contrast=\"none\">lle <\/span><span data-contrast=\"none\">sait<\/span> <span data-contrast=\"none\">d\u2019ailleurs <\/span><span data-contrast=\"none\">que la situation n<\/span><span data-contrast=\"none\">e s\u2019am\u00e9liorera pas de sit\u00f4t dans son pays et que poursuivre sa vocation ne se fera pas sans risques, mais elle ne renonce pas <\/span><span data-contrast=\"none\">pour <\/span><span data-contrast=\"none\">autant\u00a0 <\/span><span data-contrast=\"none\">\u00e0<\/span><span data-contrast=\"none\"> informer <\/span><span data-contrast=\"none\">ses concitoyen-ne-s ainsi que la communaut\u00e9 internationale<\/span><span data-contrast=\"none\"> des abus du r\u00e9gime Turkm\u00e8ne<\/span><span data-contrast=\"none\">. <\/span><i><span data-contrast=\"none\">\u00ab\u202fJ&rsquo;ai souvent pens\u00e9 \u00e0 <\/span><\/i><i><span data-contrast=\"none\">abandonner mon combat, mais l&rsquo;\u00e9tat de non-droit total qui r\u00e8gne \u00e0 cause du gouvernement me pousse \u00e0 redoubler d\u2019efforts. Il faut bien que quelqu&rsquo;un dise au monde entier ce qui se passe vraiment dans ce pays isol\u00e9\u202f\u00bb<\/span><\/i><span data-contrast=\"none\">, nous confie-t-elle.\u00a0<\/span><span data-ccp-props=\"{}\">\u00a0<\/span><\/p>\n<p><span data-contrast=\"none\">L<\/span><span data-contrast=\"none\">es menaces, la surveillance et le harc\u00e8lement, <\/span><span data-contrast=\"none\">n\u2019ont pas eu raison de sa d\u00e9termination<\/span><span data-contrast=\"none\">. Peu apr\u00e8s la c\u00e9r\u00e9monie de remise du Prix Martin <\/span><span data-contrast=\"none\">Ennals<\/span><span data-contrast=\"none\">, elle a<\/span><span data-contrast=\"none\">\u00a0<\/span> <a href=\"https:\/\/www.rferl.org\/a\/turkmenistan-journalist-achilova-rare-public-rebuke-president-berdymukhammedov\/31111278.html\" target=\"_blank\" rel=\"noopener\"><span data-contrast=\"none\">mis en ligne une vid\u00e9o sur YouTube<\/span><\/a><span data-contrast=\"none\"> dans laquelle elle r\u00e9primande le pr\u00e9sident <\/span><span data-contrast=\"none\">Turkm\u00e8ne et <\/span><span data-contrast=\"none\">critique s\u00e9v\u00e8rement son r\u00e9gime<\/span><span data-contrast=\"none\">,<\/span><span data-contrast=\"none\"> qui contr\u00f4le le pays d\u2019une main de fer <\/span><span data-contrast=\"none\">au d\u00e9triment du bien-\u00eatre de la population<\/span><span data-contrast=\"none\">. <\/span><span data-contrast=\"none\">P<\/span><span data-contrast=\"none\">ubli\u00e9e en turkm\u00e8ne <\/span><span data-contrast=\"none\">et sous-titr\u00e9e en<\/span><span data-contrast=\"none\"> russe, <\/span><span data-contrast=\"none\">sa vid\u00e9o <\/span><span data-contrast=\"none\">a \u00e9t\u00e9 visionn\u00e9e plus de 50\u202f000 fois.<\/span><\/p>\n<p><iframe title=\"\u0416\u0443\u0440\u043d\u0430\u043b\u0438\u0441\u0442 \u0421\u043e\u043b\u0442\u0430\u043d \u0410\u0447\u0438\u043b\u043e\u0432\u0430 \u043e\u0431\u0440\u0430\u0449\u0430\u0435\u0442\u0441\u044f \u043a \u0411\u0435\u0440\u0434\u044b\u043c\u0443\u0445\u0430\u043c\u0435\u0434\u043e\u0432\u0443\" width=\"500\" height=\"281\" data-src=\"https:\/\/www.youtube.com\/embed\/eR3zLVsMzRE?feature=oembed\" frameborder=\"0\" allow=\"accelerometer; autoplay; clipboard-write; encrypted-media; gyroscope; picture-in-picture; web-share\" referrerpolicy=\"strict-origin-when-cross-origin\" allowfullscreen src=\"data:image\/gif;base64,R0lGODlhAQABAAAAACH5BAEKAAEALAAAAAABAAEAAAICTAEAOw==\" class=\"lazyload\" data-load-mode=\"1\"><\/iframe><\/p>\n<h4>La n\u00e9cessit\u00e9 d\u2019une reconnaissance et d\u2019une protection internationales<\/h4>\n<p><span data-contrast=\"none\">Les <\/span><span data-contrast=\"none\">autorit\u00e9s turkm\u00e8nes<\/span><span data-contrast=\"none\"> ont souhait\u00e9 <\/span><span data-contrast=\"none\">faire taire<\/span> <span data-contrast=\"none\">Soltan<\/span> <span data-contrast=\"none\">Achilova<\/span><span data-contrast=\"none\">, estime <\/span><a href=\"https:\/\/twitter.com\/GuadaMarengo\" target=\"_blank\" rel=\"noopener\"><span data-contrast=\"none\">Guadalupe Marengo<\/span><\/a><span data-contrast=\"none\">, de l\u2019organisation <\/span><a href=\"https:\/\/twitter.com\/amnesty\" target=\"_blank\" rel=\"noopener\"><span data-contrast=\"none\">Amnesty International<\/span><\/a><span data-contrast=\"none\"> et membre du Jury du Prix Martin <\/span><span data-contrast=\"none\">Ennals<\/span><span data-contrast=\"none\">. <\/span><i><span data-contrast=\"none\">\u00ab\u202fIl est clair que les autorit\u00e9s turkm\u00e8nes voulaient s&rsquo;assurer qu&rsquo;elle serait r\u00e9duite au silence pour avoir os\u00e9 critiquer et remettre en question les politiques cruelles et discriminatoires du gouvernement\u202f\u00bb<\/span><\/i><span data-contrast=\"none\">, commente-t-elle. Comme le Turkm\u00e9nistan fait rarement la une des journaux, le pays \u00e9chappe non seulement \u00e0 l&rsquo;attention de la communaut\u00e9 internationale, mais les journalistes et d\u00e9fenseur-<\/span><span data-contrast=\"none\">euse<\/span><span data-contrast=\"none\">-s des droits humains qui d\u00e9noncent<\/span> <span data-contrast=\"none\">les abus du syst\u00e8me sont<\/span><span data-contrast=\"none\"> de facto<\/span> <span data-contrast=\"none\">elles et eux <\/span><span data-contrast=\"none\">aussi, isol\u00e9-e-s.<\/span><span data-ccp-props=\"{&quot;335551550&quot;:6,&quot;335551620&quot;:6}\">\u00a0<\/span><\/p>\n<p><span data-contrast=\"none\">Sans <\/span><span data-contrast=\"none\">le<\/span><span data-contrast=\"none\"> courage<\/span><span data-contrast=\"none\"> et le travail de <\/span><span data-contrast=\"none\">Soltan<\/span><span data-contrast=\"none\">, les violations des droits humains <\/span><span data-contrast=\"none\">seraient commises dans un silence assourdissant<\/span> <span data-contrast=\"none\">au Turkm\u00e9nistan. Tous les membres du Jury du Prix Martin <\/span><span data-contrast=\"none\">Ennals<\/span><span data-contrast=\"none\"> s\u2019accordent \u00e0 dire que <\/span><span data-contrast=\"none\">Soltan<\/span> <span data-contrast=\"none\">Achilova<\/span><span data-contrast=\"none\"> a besoin de la solidarit\u00e9 et de la protection de la communaut\u00e9 internationale.<\/span><span data-ccp-props=\"{&quot;335551550&quot;:6,&quot;335551620&quot;:6}\">\u00a0<\/span><\/p>\n<p><i><span data-contrast=\"none\">\u00ab\u202f<\/span><\/i><i><span data-contrast=\"none\">M<\/span><\/i><i><span data-contrast=\"none\">a nomination au Prix Martin <\/span><\/i><i><span data-contrast=\"none\">Ennals<\/span><\/i> <i><span data-contrast=\"none\">me touche beaucoup. <\/span><\/i><i><span data-contrast=\"none\">C\u2019est un<\/span><\/i> <i><span data-contrast=\"none\">signe<\/span><\/i><i><span data-contrast=\"none\"> de <\/span><\/i><i><span data-contrast=\"none\">reconnaissance<\/span><\/i><i><span data-contrast=\"none\"> de <\/span><\/i><i><span data-contrast=\"none\">mon<\/span><\/i> <i><span data-contrast=\"none\">travail<\/span><\/i><i><span data-contrast=\"none\"> par les organisations de <\/span><\/i><i><span data-contrast=\"none\">d\u00e9fense<\/span><\/i><i><span data-contrast=\"none\"> des <\/span><\/i><i><span data-contrast=\"none\">droits<\/span><\/i> <i><span data-contrast=\"none\">humains<\/span><\/i><i><span data-contrast=\"none\">.<\/span><\/i> <i><span data-contrast=\"none\">Cela<\/span><\/i><i><span data-contrast=\"none\"> m\u2019encourage \u00e0 poursuivre mon travail de journaliste\u202f\u00bb<\/span><\/i><span data-contrast=\"none\">, <\/span><span data-contrast=\"none\">a <\/span><span data-contrast=\"none\">t\u00e9moign\u00e9<\/span> <span data-contrast=\"none\">Soltan<\/span><span data-contrast=\"none\"> dans <\/span><span data-contrast=\"none\">un<\/span><span data-contrast=\"none\"> message pr\u00e9enregistr\u00e9 pour la c\u00e9r\u00e9monie de remise du Prix Martin <\/span><span data-contrast=\"none\">Ennals<\/span><span data-contrast=\"none\">.\u00a0<\/span><span data-ccp-props=\"{}\">\u00a0<\/span><\/p>\n<p><iframe title=\"La c\u00e9r\u00e9monie de remise du prix Martin Ennals 2021\" data-src=\"https:\/\/player.vimeo.com\/video\/511518736?dnt=1&amp;app_id=122963\" width=\"500\" height=\"281\" frameborder=\"0\" allow=\"autoplay; fullscreen; picture-in-picture; clipboard-write\" src=\"data:image\/gif;base64,R0lGODlhAQABAAAAACH5BAEKAAEALAAAAAABAAEAAAICTAEAOw==\" class=\"lazyload\" data-load-mode=\"1\"><\/iframe><\/p>\n<p><b><span data-contrast=\"none\">En savoir plus sur <\/span><\/b><a href=\"https:\/\/www.martinennalsaward.org\/fr\/hrd\/soltan-achilova\/\" target=\"_blank\" rel=\"noopener\"><b><span data-contrast=\"none\">Soltan<\/span><\/b> <b><span data-contrast=\"none\">Achilova<\/span><\/b><\/a><\/p>\n","protected":false},"excerpt":{"rendered":"<p>Soltan Achilova, finaliste du Prix Martin Ennals 2021, est une reporter turkm\u00e8ne \u00e2g\u00e9e de 71\u202fans qui se bat pour la libert\u00e9 d\u2019expression au Turkm\u00e9nistan, l\u2019un des pays les plus isol\u00e9s au monde et o\u00f9 la censure r\u00e8gne. Son combat lui a valu d\u2019\u00eatre victime d\u2019agressions physiques, interdite de voyager et surveill\u00e9e de tr\u00e8s pr\u00e8s. Malgr\u00e9<a class=\"read-more\" href=\"https:\/\/www.martinennalsaward.org\/fr\/le-courageux-combat-de-soltan-achilova-au-turkmenistan\/\">Read More&#8230;<\/a><\/p>\n","protected":false},"author":9,"featured_media":5609,"comment_status":"open","ping_status":"open","sticky":false,"template":"","format":"standard","meta":{"_acf_changed":false,"footnotes":""},"categories":[237,2],"tags":[292,299,262,298,277,295],"news_section":[343],"class_list":["post-5611","post","type-post","status-publish","format-standard","has-post-thumbnail","hentry","category-actualites","category-non-classifiee","tag-finaliste","tag-journalisme","tag-prix-martin-ennals-2021","tag-reporter","tag-soltan-achilova","tag-turkmenistan","news_section-news"],"acf":[],"yoast_head":"<!-- This site is optimized with the Yoast SEO plugin v24.1 - https:\/\/yoast.com\/wordpress\/plugins\/seo\/ -->\n<title>Le courageux combat de Soltan Achilova au Turkm\u00e9nistan - Martin Ennals Award<\/title>\n<meta name=\"description\" content=\"Soltan Achilova, finaliste du Prix Martin Ennals 2021, est une reporter turkm\u00e8ne \u00e2g\u00e9e de 71\u202fans qui se bat pour la libert\u00e9 d\u2019expression au Turkm\u00e9nistan.\" \/>\n<meta name=\"robots\" content=\"index, follow, max-snippet:-1, max-image-preview:large, max-video-preview:-1\" \/>\n<link rel=\"canonical\" href=\"https:\/\/www.martinennalsaward.org\/fr\/le-courageux-combat-de-soltan-achilova-au-turkmenistan\/\" \/>\n<meta property=\"og:locale\" content=\"fr_FR\" \/>\n<meta property=\"og:type\" content=\"article\" \/>\n<meta property=\"og:title\" content=\"Le courageux combat de Soltan Achilova au Turkm\u00e9nistan - Martin Ennals Award\" \/>\n<meta property=\"og:description\" content=\"Soltan Achilova, finaliste du Prix Martin Ennals 2021, est une reporter turkm\u00e8ne \u00e2g\u00e9e de 71\u202fans qui se bat pour la libert\u00e9 d\u2019expression au Turkm\u00e9nistan.\" \/>\n<meta property=\"og:url\" content=\"https:\/\/www.martinennalsaward.org\/fr\/le-courageux-combat-de-soltan-achilova-au-turkmenistan\/\" \/>\n<meta property=\"og:site_name\" content=\"Martin Ennals Award\" \/>\n<meta property=\"article:published_time\" content=\"2021-03-01T15:03:39+00:00\" \/>\n<meta property=\"article:modified_time\" content=\"2021-09-01T13:45:13+00:00\" \/>\n<meta property=\"og:image\" content=\"https:\/\/www.martinennalsaward.org\/wp-content\/uploads\/2021\/03\/sandra-journaliste-00663.jpg\" \/>\n\t<meta property=\"og:image:width\" content=\"1920\" \/>\n\t<meta property=\"og:image:height\" content=\"1080\" \/>\n\t<meta property=\"og:image:type\" content=\"image\/jpeg\" \/>\n<meta name=\"author\" content=\"Media MEA\" \/>\n<meta name=\"twitter:card\" content=\"summary_large_image\" \/>\n<meta name=\"twitter:label1\" content=\"\u00c9crit par\" \/>\n\t<meta name=\"twitter:data1\" content=\"Media MEA\" \/>\n\t<meta name=\"twitter:label2\" content=\"Dur\u00e9e de lecture estim\u00e9e\" \/>\n\t<meta name=\"twitter:data2\" content=\"4 minutes\" \/>\n<script type=\"application\/ld+json\" class=\"yoast-schema-graph\">{\"@context\":\"https:\/\/schema.org\",\"@graph\":[{\"@type\":\"WebPage\",\"@id\":\"https:\/\/www.martinennalsaward.org\/fr\/le-courageux-combat-de-soltan-achilova-au-turkmenistan\/\",\"url\":\"https:\/\/www.martinennalsaward.org\/fr\/le-courageux-combat-de-soltan-achilova-au-turkmenistan\/\",\"name\":\"Le courageux combat de Soltan Achilova au Turkm\u00e9nistan - Martin Ennals Award\",\"isPartOf\":{\"@id\":\"https:\/\/www.martinennalsaward.org\/#website\"},\"primaryImageOfPage\":{\"@id\":\"https:\/\/www.martinennalsaward.org\/fr\/le-courageux-combat-de-soltan-achilova-au-turkmenistan\/#primaryimage\"},\"image\":{\"@id\":\"https:\/\/www.martinennalsaward.org\/fr\/le-courageux-combat-de-soltan-achilova-au-turkmenistan\/#primaryimage\"},\"thumbnailUrl\":\"https:\/\/www.martinennalsaward.org\/wp-content\/uploads\/2021\/03\/sandra-journaliste-00663.jpg\",\"datePublished\":\"2021-03-01T15:03:39+00:00\",\"dateModified\":\"2021-09-01T13:45:13+00:00\",\"author\":{\"@id\":\"https:\/\/www.martinennalsaward.org\/#\/schema\/person\/e5b5e129cdd55c19f6492f506c7aae2b\"},\"description\":\"Soltan Achilova, finaliste du Prix Martin Ennals 2021, est une reporter turkm\u00e8ne \u00e2g\u00e9e de 71\u202fans qui se bat pour la libert\u00e9 d\u2019expression au Turkm\u00e9nistan.\",\"breadcrumb\":{\"@id\":\"https:\/\/www.martinennalsaward.org\/fr\/le-courageux-combat-de-soltan-achilova-au-turkmenistan\/#breadcrumb\"},\"inLanguage\":\"fr-FR\",\"potentialAction\":[{\"@type\":\"ReadAction\",\"target\":[\"https:\/\/www.martinennalsaward.org\/fr\/le-courageux-combat-de-soltan-achilova-au-turkmenistan\/\"]}]},{\"@type\":\"ImageObject\",\"inLanguage\":\"fr-FR\",\"@id\":\"https:\/\/www.martinennalsaward.org\/fr\/le-courageux-combat-de-soltan-achilova-au-turkmenistan\/#primaryimage\",\"url\":\"https:\/\/www.martinennalsaward.org\/wp-content\/uploads\/2021\/03\/sandra-journaliste-00663.jpg\",\"contentUrl\":\"https:\/\/www.martinennalsaward.org\/wp-content\/uploads\/2021\/03\/sandra-journaliste-00663.jpg\",\"width\":1920,\"height\":1080},{\"@type\":\"BreadcrumbList\",\"@id\":\"https:\/\/www.martinennalsaward.org\/fr\/le-courageux-combat-de-soltan-achilova-au-turkmenistan\/#breadcrumb\",\"itemListElement\":[{\"@type\":\"ListItem\",\"position\":1,\"name\":\"Home\",\"item\":\"https:\/\/www.martinennalsaward.org\/\"},{\"@type\":\"ListItem\",\"position\":2,\"name\":\"Le courageux combat de Soltan Achilova au Turkm\u00e9nistan\"}]},{\"@type\":\"WebSite\",\"@id\":\"https:\/\/www.martinennalsaward.org\/#website\",\"url\":\"https:\/\/www.martinennalsaward.org\/\",\"name\":\"Martin Ennals Award\",\"description\":\"For Human Rights Defenders\",\"potentialAction\":[{\"@type\":\"SearchAction\",\"target\":{\"@type\":\"EntryPoint\",\"urlTemplate\":\"https:\/\/www.martinennalsaward.org\/?s={search_term_string}\"},\"query-input\":{\"@type\":\"PropertyValueSpecification\",\"valueRequired\":true,\"valueName\":\"search_term_string\"}}],\"inLanguage\":\"fr-FR\"},{\"@type\":\"Person\",\"@id\":\"https:\/\/www.martinennalsaward.org\/#\/schema\/person\/e5b5e129cdd55c19f6492f506c7aae2b\",\"name\":\"Media MEA\",\"image\":{\"@type\":\"ImageObject\",\"inLanguage\":\"fr-FR\",\"@id\":\"https:\/\/www.martinennalsaward.org\/#\/schema\/person\/image\/\",\"url\":\"https:\/\/secure.gravatar.com\/avatar\/dddd036b53ffcc641447ce50b0f8dd31?s=96&d=mm&r=g\",\"contentUrl\":\"https:\/\/secure.gravatar.com\/avatar\/dddd036b53ffcc641447ce50b0f8dd31?s=96&d=mm&r=g\",\"caption\":\"Media MEA\"},\"sameAs\":[\"http:\/\/www.martinennalsaward.org\",\"media@martinennalsaward.org\"],\"url\":\"https:\/\/www.martinennalsaward.org\/fr\/author\/mea-media\/\"}]}<\/script>\n<!-- \/ Yoast SEO plugin. -->","yoast_head_json":{"title":"Le courageux combat de Soltan Achilova au Turkm\u00e9nistan - Martin Ennals Award","description":"Soltan Achilova, finaliste du Prix Martin Ennals 2021, est une reporter turkm\u00e8ne \u00e2g\u00e9e de 71\u202fans qui se bat pour la libert\u00e9 d\u2019expression au Turkm\u00e9nistan.","robots":{"index":"index","follow":"follow","max-snippet":"max-snippet:-1","max-image-preview":"max-image-preview:large","max-video-preview":"max-video-preview:-1"},"canonical":"https:\/\/www.martinennalsaward.org\/fr\/le-courageux-combat-de-soltan-achilova-au-turkmenistan\/","og_locale":"fr_FR","og_type":"article","og_title":"Le courageux combat de Soltan Achilova au Turkm\u00e9nistan - Martin Ennals Award","og_description":"Soltan Achilova, finaliste du Prix Martin Ennals 2021, est une reporter turkm\u00e8ne \u00e2g\u00e9e de 71\u202fans qui se bat pour la libert\u00e9 d\u2019expression au Turkm\u00e9nistan.","og_url":"https:\/\/www.martinennalsaward.org\/fr\/le-courageux-combat-de-soltan-achilova-au-turkmenistan\/","og_site_name":"Martin Ennals Award","article_published_time":"2021-03-01T15:03:39+00:00","article_modified_time":"2021-09-01T13:45:13+00:00","og_image":[{"width":1920,"height":1080,"url":"https:\/\/www.martinennalsaward.org\/wp-content\/uploads\/2021\/03\/sandra-journaliste-00663.jpg","type":"image\/jpeg"}],"author":"Media MEA","twitter_card":"summary_large_image","twitter_misc":{"\u00c9crit par":"Media MEA","Dur\u00e9e de lecture estim\u00e9e":"4 minutes"},"schema":{"@context":"https:\/\/schema.org","@graph":[{"@type":"WebPage","@id":"https:\/\/www.martinennalsaward.org\/fr\/le-courageux-combat-de-soltan-achilova-au-turkmenistan\/","url":"https:\/\/www.martinennalsaward.org\/fr\/le-courageux-combat-de-soltan-achilova-au-turkmenistan\/","name":"Le courageux combat de Soltan Achilova au Turkm\u00e9nistan - Martin Ennals Award","isPartOf":{"@id":"https:\/\/www.martinennalsaward.org\/#website"},"primaryImageOfPage":{"@id":"https:\/\/www.martinennalsaward.org\/fr\/le-courageux-combat-de-soltan-achilova-au-turkmenistan\/#primaryimage"},"image":{"@id":"https:\/\/www.martinennalsaward.org\/fr\/le-courageux-combat-de-soltan-achilova-au-turkmenistan\/#primaryimage"},"thumbnailUrl":"https:\/\/www.martinennalsaward.org\/wp-content\/uploads\/2021\/03\/sandra-journaliste-00663.jpg","datePublished":"2021-03-01T15:03:39+00:00","dateModified":"2021-09-01T13:45:13+00:00","author":{"@id":"https:\/\/www.martinennalsaward.org\/#\/schema\/person\/e5b5e129cdd55c19f6492f506c7aae2b"},"description":"Soltan Achilova, finaliste du Prix Martin Ennals 2021, est une reporter turkm\u00e8ne \u00e2g\u00e9e de 71\u202fans qui se bat pour la libert\u00e9 d\u2019expression au Turkm\u00e9nistan.","breadcrumb":{"@id":"https:\/\/www.martinennalsaward.org\/fr\/le-courageux-combat-de-soltan-achilova-au-turkmenistan\/#breadcrumb"},"inLanguage":"fr-FR","potentialAction":[{"@type":"ReadAction","target":["https:\/\/www.martinennalsaward.org\/fr\/le-courageux-combat-de-soltan-achilova-au-turkmenistan\/"]}]},{"@type":"ImageObject","inLanguage":"fr-FR","@id":"https:\/\/www.martinennalsaward.org\/fr\/le-courageux-combat-de-soltan-achilova-au-turkmenistan\/#primaryimage","url":"https:\/\/www.martinennalsaward.org\/wp-content\/uploads\/2021\/03\/sandra-journaliste-00663.jpg","contentUrl":"https:\/\/www.martinennalsaward.org\/wp-content\/uploads\/2021\/03\/sandra-journaliste-00663.jpg","width":1920,"height":1080},{"@type":"BreadcrumbList","@id":"https:\/\/www.martinennalsaward.org\/fr\/le-courageux-combat-de-soltan-achilova-au-turkmenistan\/#breadcrumb","itemListElement":[{"@type":"ListItem","position":1,"name":"Home","item":"https:\/\/www.martinennalsaward.org\/"},{"@type":"ListItem","position":2,"name":"Le courageux combat de Soltan Achilova au Turkm\u00e9nistan"}]},{"@type":"WebSite","@id":"https:\/\/www.martinennalsaward.org\/#website","url":"https:\/\/www.martinennalsaward.org\/","name":"Martin Ennals Award","description":"For Human Rights Defenders","potentialAction":[{"@type":"SearchAction","target":{"@type":"EntryPoint","urlTemplate":"https:\/\/www.martinennalsaward.org\/?s={search_term_string}"},"query-input":{"@type":"PropertyValueSpecification","valueRequired":true,"valueName":"search_term_string"}}],"inLanguage":"fr-FR"},{"@type":"Person","@id":"https:\/\/www.martinennalsaward.org\/#\/schema\/person\/e5b5e129cdd55c19f6492f506c7aae2b","name":"Media MEA","image":{"@type":"ImageObject","inLanguage":"fr-FR","@id":"https:\/\/www.martinennalsaward.org\/#\/schema\/person\/image\/","url":"https:\/\/secure.gravatar.com\/avatar\/dddd036b53ffcc641447ce50b0f8dd31?s=96&d=mm&r=g","contentUrl":"https:\/\/secure.gravatar.com\/avatar\/dddd036b53ffcc641447ce50b0f8dd31?s=96&d=mm&r=g","caption":"Media MEA"},"sameAs":["http:\/\/www.martinennalsaward.org","media@martinennalsaward.org"],"url":"https:\/\/www.martinennalsaward.org\/fr\/author\/mea-media\/"}]}},"_links":{"self":[{"href":"https:\/\/www.martinennalsaward.org\/fr\/wp-json\/wp\/v2\/posts\/5611"}],"collection":[{"href":"https:\/\/www.martinennalsaward.org\/fr\/wp-json\/wp\/v2\/posts"}],"about":[{"href":"https:\/\/www.martinennalsaward.org\/fr\/wp-json\/wp\/v2\/types\/post"}],"author":[{"embeddable":true,"href":"https:\/\/www.martinennalsaward.org\/fr\/wp-json\/wp\/v2\/users\/9"}],"replies":[{"embeddable":true,"href":"https:\/\/www.martinennalsaward.org\/fr\/wp-json\/wp\/v2\/comments?post=5611"}],"version-history":[{"count":0,"href":"https:\/\/www.martinennalsaward.org\/fr\/wp-json\/wp\/v2\/posts\/5611\/revisions"}],"wp:featuredmedia":[{"embeddable":true,"href":"https:\/\/www.martinennalsaward.org\/fr\/wp-json\/wp\/v2\/media\/5609"}],"wp:attachment":[{"href":"https:\/\/www.martinennalsaward.org\/fr\/wp-json\/wp\/v2\/media?parent=5611"}],"wp:term":[{"taxonomy":"category","embeddable":true,"href":"https:\/\/www.martinennalsaward.org\/fr\/wp-json\/wp\/v2\/categories?post=5611"},{"taxonomy":"post_tag","embeddable":true,"href":"https:\/\/www.martinennalsaward.org\/fr\/wp-json\/wp\/v2\/tags?post=5611"},{"taxonomy":"news_section","embeddable":true,"href":"https:\/\/www.martinennalsaward.org\/fr\/wp-json\/wp\/v2\/news_section?post=5611"}],"curies":[{"name":"wp","href":"https:\/\/api.w.org\/{rel}","templated":true}]}}