{"id":5543,"date":"2021-02-15T15:14:42","date_gmt":"2021-02-15T14:14:42","guid":{"rendered":"https:\/\/www.martinennalsaward.org\/fr\/?p=5543"},"modified":"2021-09-01T15:45:13","modified_gmt":"2021-09-01T13:45:13","slug":"lordre-des-avocats-de-geneve-solidaire-de-yu-wensheng","status":"publish","type":"post","link":"https:\/\/www.martinennalsaward.org\/fr\/lordre-des-avocats-de-geneve-solidaire-de-yu-wensheng\/","title":{"rendered":"L\u2019ordre des avocats de Gen\u00e8ve solidaire de Yu Wensheng"},"content":{"rendered":"<h3><span data-contrast=\"none\">La <a href=\"https:\/\/www.odage.ch\/commissions\/droits-de-l-homme\/presentation\" target=\"_blank\" rel=\"noopener\">Commission des droits de l\u2019Homme <\/a><\/span><span data-contrast=\"none\">de l\u2019Ordre des avocats de Gen\u00e8ve (ODAGE)\u00a0<\/span><span data-contrast=\"none\">\u0153uvre <\/span><span data-contrast=\"none\">depuis plusieurs ann\u00e9es <\/span><span data-contrast=\"none\">en faveur des droits <\/span><span data-contrast=\"none\">de l\u2019homme<\/span><span data-contrast=\"none\">\u00a0<\/span><span data-contrast=\"none\">tant en Suisse qu\u2019\u00e0 l\u2019\u00e9tranger<\/span><span data-contrast=\"none\">.<\/span> <span data-contrast=\"none\">Elle <\/span><span data-contrast=\"none\">prend position<\/span> <span data-contrast=\"none\">par le biais <\/span><span data-contrast=\"none\">de <\/span><span data-contrast=\"none\">communiqu\u00e9s de presse, <\/span><span data-contrast=\"none\">de <\/span><span data-contrast=\"none\">missions d\u2019observation judiciaire, <\/span><span data-contrast=\"none\">ou encore d\u2019<\/span><span data-contrast=\"none\">interpellations aupr\u00e8s des autorit\u00e9s. Elle effectue \u00e9galement un travail de sensibilisation aux probl\u00e9matiques li\u00e9es aux droits de l\u2019homme et \u00e0 la d\u00e9fense de la d\u00e9fense.<\/span><span data-ccp-props=\"{}\">\u00a0<\/span><\/h3>\n<p><span data-contrast=\"none\">Cette ann\u00e9e, <\/span><span data-contrast=\"none\">les avocat<\/span><span data-contrast=\"none\">-e-<\/span><span data-contrast=\"none\">s de <a href=\"https:\/\/www.odage.ch\" target=\"_blank\" rel=\"noopener\">l\u2019ODAGE<\/a> prennent la d\u00e9fense de leur confr\u00e8re chinois <\/span><a href=\"https:\/\/www.martinennalsaward.org\/fr\/yu-wensheng-un-avocat-qui-demande-des-comptes-a-son-gouvernement\/\" target=\"_blank\" rel=\"noopener\"><span data-contrast=\"none\">Yu<\/span> <span data-contrast=\"none\">Wensheng<\/span><\/a><span data-contrast=\"none\">. Le l<\/span><span data-contrast=\"none\">aur\u00e9at du Prix Martin <\/span><span data-contrast=\"none\">Ennals<\/span><span data-contrast=\"none\"> 2021<\/span> <span data-contrast=\"none\">s\u2019est attir\u00e9 les foudres des autorit\u00e9s <\/span><span data-contrast=\"none\">chinoises<\/span><span data-contrast=\"none\"> pour avoir d\u00e9fendu d\u2019autres avocats <\/span><span data-contrast=\"none\">des droits humains <\/span><span data-contrast=\"none\">et appel\u00e9 \u00e0 une r\u00e9forme constitutionnelle.\u202f<\/span><span data-contrast=\"none\">Il est d<\/span><span data-contrast=\"none\">\u00e9tenu depuis 2018<\/span><span data-contrast=\"none\"> apr\u00e8s avoir <\/span><span data-contrast=\"none\">\u00e9t\u00e9 harcel\u00e9, radi\u00e9 du barreau et condamn\u00e9 \u00e0 l\u2019issue d\u2019un proc\u00e8s\u202f\u00e0 huis clos pour incitation \u00e0 la subversion du pouvoir de l\u2019\u00c9tat<\/span><span data-contrast=\"none\">. <\/span><span data-contrast=\"none\">Yu<\/span> <span data-contrast=\"none\">Wensheng<\/span> <span data-contrast=\"none\">est <\/span><span data-contrast=\"none\">actuellement <\/span><span data-contrast=\"none\">emprisonn\u00e9 <\/span><span data-contrast=\"none\">\u00e0 la prison de Nanjing, \u00e0 <\/span><span data-contrast=\"none\">plus de <\/span><span data-contrast=\"none\">1<\/span><span data-contrast=\"none\">000<\/span><span data-contrast=\"none\"> km de <\/span><span data-contrast=\"none\">chez lui<\/span><span data-contrast=\"none\">.<\/span><span data-ccp-props=\"{}\">\u00a0<\/span><\/p>\n<div style=\"width: 640px;\" class=\"wp-video\"><!--[if lt IE 9]><script>document.createElement('video');<\/script><![endif]-->\n<video class=\"wp-video-shortcode\" id=\"video-5543-1\" width=\"640\" height=\"360\" poster=\"https:\/\/www.martinennalsaward.org\/wp-content\/uploads\/2021\/02\/bildschirmfoto-2021-02-15-um-143910.png\" preload=\"metadata\" controls=\"controls\"><source type=\"video\/mp4\" src=\"https:\/\/www.martinennalsaward.org\/wp-content\/uploads\/2021\/02\/GMT20210208-125923_CDH-Prix_640x360.mp4?_=1\" \/><a href=\"https:\/\/www.martinennalsaward.org\/wp-content\/uploads\/2021\/02\/GMT20210208-125923_CDH-Prix_640x360.mp4\">https:\/\/www.martinennalsaward.org\/wp-content\/uploads\/2021\/02\/GMT20210208-125923_CDH-Prix_640x360.mp4<\/a><\/video><\/div>\n<p>&nbsp;<\/p>\n<p><span data-contrast=\"none\">\u00ab\u202f<\/span><i><span data-contrast=\"none\">L\u2019ODAGE est fi\u00e8re d\u2019honorer le courage exemplaire de notre confr\u00e8re chinois <\/span><\/i><i><span data-contrast=\"none\">Yu<\/span><\/i> <i><span data-contrast=\"none\">Wensheng<\/span><\/i><span data-contrast=\"none\">\u202f\u00bb, dit Sandrine<\/span><span data-contrast=\"none\"> Giroud<\/span><span data-contrast=\"none\">,<\/span><span data-contrast=\"none\"> la pr\u00e9sidente d<\/span><span data-contrast=\"none\">e la commission des droits de l\u2019homme de l\u2019ODAGE<\/span><span data-contrast=\"none\">.<\/span><span data-ccp-props=\"{&quot;335551550&quot;:6,&quot;335551620&quot;:6}\">\u00a0<\/span><\/p>\n<p><span data-contrast=\"none\">\u00ab\u202f<\/span><i><span data-contrast=\"none\">Yu<\/span><\/i> <i><span data-contrast=\"none\">Wensheng<\/span><\/i><i><span data-contrast=\"none\"> s\u2019est illustr\u00e9 <\/span><\/i><i><span data-contrast=\"none\">par sa fid\u00e9lit\u00e9 aux valeurs fondamentales de la profession d\u2019avocat. Il a pers\u00e9v\u00e9r\u00e9 pour d\u00e9fendre la justice malgr\u00e9 les risques encourus pour sa vie et sa famille. Il est important de rappeler que s<\/span><\/i><i><span data-contrast=\"none\">ans avocats, il n\u2019y a <\/span><\/i><i><span data-contrast=\"none\">pas de <\/span><\/i><i><span data-contrast=\"none\">justice ni <\/span><\/i><i><span data-contrast=\"none\">d\u2019\u00e9tat de droit. Car ce sont eux qui permettent \u00e0 chacun et chacune d\u2019acc\u00e9der \u00e0 la justice et de contester les injustices<\/span><\/i><span data-contrast=\"none\">\u202f\u00bb, ajoute-t-elle.\u00a0<\/span><span data-ccp-props=\"{&quot;335551550&quot;:6,&quot;335551620&quot;:6}\">\u00a0<\/span><\/p>\n<p><span data-contrast=\"none\">Nous remercions les <\/span><span data-contrast=\"none\">avocat-e-s du Barreau de Gen\u00e8ve pour le<\/span><span data-contrast=\"none\">ur<\/span><span data-contrast=\"none\"> soutien <\/span><span data-contrast=\"none\">\u00e0 leur confr\u00e8re <\/span><span data-contrast=\"none\">Yu<\/span> <span data-contrast=\"none\">Wensheng<\/span><span data-contrast=\"none\">\u202f!<\/span><span data-ccp-props=\"{&quot;335551550&quot;:6,&quot;335551620&quot;:6}\">\u00a0<\/span><\/p>\n<p><strong>#GenevaLawyers4HumanRights\u00a0<\/strong><\/p>\n","protected":false},"excerpt":{"rendered":"<p>La Commission des droits de l\u2019Homme de l\u2019Ordre des avocats de Gen\u00e8ve (ODAGE)\u00a0\u0153uvre depuis plusieurs ann\u00e9es en faveur des droits de l\u2019homme\u00a0tant en Suisse qu\u2019\u00e0 l\u2019\u00e9tranger. Elle prend position par le biais de communiqu\u00e9s de presse, de missions d\u2019observation judiciaire, ou encore d\u2019interpellations aupr\u00e8s des autorit\u00e9s. Elle effectue \u00e9galement un travail de sensibilisation aux probl\u00e9matiques<a class=\"read-more\" href=\"https:\/\/www.martinennalsaward.org\/fr\/lordre-des-avocats-de-geneve-solidaire-de-yu-wensheng\/\">Read More&#8230;<\/a><\/p>\n","protected":false},"author":9,"featured_media":5478,"comment_status":"open","ping_status":"open","sticky":false,"template":"","format":"standard","meta":{"_acf_changed":false,"footnotes":""},"categories":[237,2],"tags":[226,289,262,276],"news_section":[343],"class_list":["post-5543","post","type-post","status-publish","format-standard","has-post-thumbnail","hentry","category-actualites","category-non-classifiee","tag-laureat-prix-martin-ennals","tag-ordre-des-avocats-de-geneve","tag-prix-martin-ennals-2021","tag-yu-wensheng","news_section-news"],"acf":[],"yoast_head":"<!-- This site is optimized with the Yoast SEO plugin v24.1 - https:\/\/yoast.com\/wordpress\/plugins\/seo\/ -->\n<title>L\u2019ordre des avocats de Gen\u00e8ve solidaire de Yu Wensheng - Martin Ennals Award<\/title>\n<meta name=\"description\" content=\"La Commission des droits de l\u2019Homme de l\u2019Ordre des avocats de Gen\u00e8ve honore le courage exemplaire de leur confr\u00e8re chinois Yu Wensheng.\" \/>\n<meta name=\"robots\" content=\"index, follow, max-snippet:-1, max-image-preview:large, max-video-preview:-1\" \/>\n<link rel=\"canonical\" href=\"https:\/\/www.martinennalsaward.org\/fr\/lordre-des-avocats-de-geneve-solidaire-de-yu-wensheng\/\" \/>\n<meta property=\"og:locale\" content=\"fr_FR\" \/>\n<meta property=\"og:type\" content=\"article\" \/>\n<meta property=\"og:title\" content=\"L\u2019ordre des avocats de Gen\u00e8ve solidaire de Yu Wensheng - Martin Ennals Award\" \/>\n<meta property=\"og:description\" content=\"La Commission des droits de l\u2019Homme de l\u2019Ordre des avocats de Gen\u00e8ve honore le courage exemplaire de leur confr\u00e8re chinois Yu Wensheng.\" \/>\n<meta property=\"og:url\" content=\"https:\/\/www.martinennalsaward.org\/fr\/lordre-des-avocats-de-geneve-solidaire-de-yu-wensheng\/\" \/>\n<meta property=\"og:site_name\" content=\"Martin Ennals Award\" \/>\n<meta property=\"article:published_time\" content=\"2021-02-15T14:14:42+00:00\" \/>\n<meta property=\"article:modified_time\" content=\"2021-09-01T13:45:13+00:00\" \/>\n<meta property=\"og:image\" content=\"https:\/\/www.martinennalsaward.org\/wp-content\/uploads\/2021\/02\/jan-walker-8.jpg\" \/>\n\t<meta property=\"og:image:width\" content=\"1920\" \/>\n\t<meta property=\"og:image:height\" content=\"1080\" \/>\n\t<meta property=\"og:image:type\" content=\"image\/jpeg\" \/>\n<meta name=\"author\" content=\"Media MEA\" \/>\n<meta name=\"twitter:card\" content=\"summary_large_image\" \/>\n<meta name=\"twitter:label1\" content=\"\u00c9crit par\" \/>\n\t<meta name=\"twitter:data1\" content=\"Media MEA\" \/>\n\t<meta name=\"twitter:label2\" content=\"Dur\u00e9e de lecture estim\u00e9e\" \/>\n\t<meta name=\"twitter:data2\" content=\"2 minutes\" \/>\n<script type=\"application\/ld+json\" class=\"yoast-schema-graph\">{\"@context\":\"https:\/\/schema.org\",\"@graph\":[{\"@type\":\"WebPage\",\"@id\":\"https:\/\/www.martinennalsaward.org\/fr\/lordre-des-avocats-de-geneve-solidaire-de-yu-wensheng\/\",\"url\":\"https:\/\/www.martinennalsaward.org\/fr\/lordre-des-avocats-de-geneve-solidaire-de-yu-wensheng\/\",\"name\":\"L\u2019ordre des avocats de Gen\u00e8ve solidaire de Yu Wensheng - Martin Ennals Award\",\"isPartOf\":{\"@id\":\"https:\/\/www.martinennalsaward.org\/#website\"},\"primaryImageOfPage\":{\"@id\":\"https:\/\/www.martinennalsaward.org\/fr\/lordre-des-avocats-de-geneve-solidaire-de-yu-wensheng\/#primaryimage\"},\"image\":{\"@id\":\"https:\/\/www.martinennalsaward.org\/fr\/lordre-des-avocats-de-geneve-solidaire-de-yu-wensheng\/#primaryimage\"},\"thumbnailUrl\":\"https:\/\/www.martinennalsaward.org\/wp-content\/uploads\/2021\/02\/jan-walker-8.jpg\",\"datePublished\":\"2021-02-15T14:14:42+00:00\",\"dateModified\":\"2021-09-01T13:45:13+00:00\",\"author\":{\"@id\":\"https:\/\/www.martinennalsaward.org\/#\/schema\/person\/e5b5e129cdd55c19f6492f506c7aae2b\"},\"description\":\"La Commission des droits de l\u2019Homme de l\u2019Ordre des avocats de Gen\u00e8ve honore le courage exemplaire de leur confr\u00e8re chinois Yu Wensheng.\",\"breadcrumb\":{\"@id\":\"https:\/\/www.martinennalsaward.org\/fr\/lordre-des-avocats-de-geneve-solidaire-de-yu-wensheng\/#breadcrumb\"},\"inLanguage\":\"fr-FR\",\"potentialAction\":[{\"@type\":\"ReadAction\",\"target\":[\"https:\/\/www.martinennalsaward.org\/fr\/lordre-des-avocats-de-geneve-solidaire-de-yu-wensheng\/\"]}]},{\"@type\":\"ImageObject\",\"inLanguage\":\"fr-FR\",\"@id\":\"https:\/\/www.martinennalsaward.org\/fr\/lordre-des-avocats-de-geneve-solidaire-de-yu-wensheng\/#primaryimage\",\"url\":\"https:\/\/www.martinennalsaward.org\/wp-content\/uploads\/2021\/02\/jan-walker-8.jpg\",\"contentUrl\":\"https:\/\/www.martinennalsaward.org\/wp-content\/uploads\/2021\/02\/jan-walker-8.jpg\",\"width\":1920,\"height\":1080},{\"@type\":\"BreadcrumbList\",\"@id\":\"https:\/\/www.martinennalsaward.org\/fr\/lordre-des-avocats-de-geneve-solidaire-de-yu-wensheng\/#breadcrumb\",\"itemListElement\":[{\"@type\":\"ListItem\",\"position\":1,\"name\":\"Home\",\"item\":\"https:\/\/www.martinennalsaward.org\/\"},{\"@type\":\"ListItem\",\"position\":2,\"name\":\"L\u2019ordre des avocats de Gen\u00e8ve solidaire de Yu Wensheng\"}]},{\"@type\":\"WebSite\",\"@id\":\"https:\/\/www.martinennalsaward.org\/#website\",\"url\":\"https:\/\/www.martinennalsaward.org\/\",\"name\":\"Martin Ennals Award\",\"description\":\"For Human Rights Defenders\",\"potentialAction\":[{\"@type\":\"SearchAction\",\"target\":{\"@type\":\"EntryPoint\",\"urlTemplate\":\"https:\/\/www.martinennalsaward.org\/?s={search_term_string}\"},\"query-input\":{\"@type\":\"PropertyValueSpecification\",\"valueRequired\":true,\"valueName\":\"search_term_string\"}}],\"inLanguage\":\"fr-FR\"},{\"@type\":\"Person\",\"@id\":\"https:\/\/www.martinennalsaward.org\/#\/schema\/person\/e5b5e129cdd55c19f6492f506c7aae2b\",\"name\":\"Media MEA\",\"image\":{\"@type\":\"ImageObject\",\"inLanguage\":\"fr-FR\",\"@id\":\"https:\/\/www.martinennalsaward.org\/#\/schema\/person\/image\/\",\"url\":\"https:\/\/secure.gravatar.com\/avatar\/dddd036b53ffcc641447ce50b0f8dd31?s=96&d=mm&r=g\",\"contentUrl\":\"https:\/\/secure.gravatar.com\/avatar\/dddd036b53ffcc641447ce50b0f8dd31?s=96&d=mm&r=g\",\"caption\":\"Media MEA\"},\"sameAs\":[\"http:\/\/www.martinennalsaward.org\",\"media@martinennalsaward.org\"],\"url\":\"https:\/\/www.martinennalsaward.org\/fr\/author\/mea-media\/\"}]}<\/script>\n<!-- \/ Yoast SEO plugin. -->","yoast_head_json":{"title":"L\u2019ordre des avocats de Gen\u00e8ve solidaire de Yu Wensheng - Martin Ennals Award","description":"La Commission des droits de l\u2019Homme de l\u2019Ordre des avocats de Gen\u00e8ve honore le courage exemplaire de leur confr\u00e8re chinois Yu Wensheng.","robots":{"index":"index","follow":"follow","max-snippet":"max-snippet:-1","max-image-preview":"max-image-preview:large","max-video-preview":"max-video-preview:-1"},"canonical":"https:\/\/www.martinennalsaward.org\/fr\/lordre-des-avocats-de-geneve-solidaire-de-yu-wensheng\/","og_locale":"fr_FR","og_type":"article","og_title":"L\u2019ordre des avocats de Gen\u00e8ve solidaire de Yu Wensheng - Martin Ennals Award","og_description":"La Commission des droits de l\u2019Homme de l\u2019Ordre des avocats de Gen\u00e8ve honore le courage exemplaire de leur confr\u00e8re chinois Yu Wensheng.","og_url":"https:\/\/www.martinennalsaward.org\/fr\/lordre-des-avocats-de-geneve-solidaire-de-yu-wensheng\/","og_site_name":"Martin Ennals Award","article_published_time":"2021-02-15T14:14:42+00:00","article_modified_time":"2021-09-01T13:45:13+00:00","og_image":[{"width":1920,"height":1080,"url":"https:\/\/www.martinennalsaward.org\/wp-content\/uploads\/2021\/02\/jan-walker-8.jpg","type":"image\/jpeg"}],"author":"Media MEA","twitter_card":"summary_large_image","twitter_misc":{"\u00c9crit par":"Media MEA","Dur\u00e9e de lecture estim\u00e9e":"2 minutes"},"schema":{"@context":"https:\/\/schema.org","@graph":[{"@type":"WebPage","@id":"https:\/\/www.martinennalsaward.org\/fr\/lordre-des-avocats-de-geneve-solidaire-de-yu-wensheng\/","url":"https:\/\/www.martinennalsaward.org\/fr\/lordre-des-avocats-de-geneve-solidaire-de-yu-wensheng\/","name":"L\u2019ordre des avocats de Gen\u00e8ve solidaire de Yu Wensheng - Martin Ennals Award","isPartOf":{"@id":"https:\/\/www.martinennalsaward.org\/#website"},"primaryImageOfPage":{"@id":"https:\/\/www.martinennalsaward.org\/fr\/lordre-des-avocats-de-geneve-solidaire-de-yu-wensheng\/#primaryimage"},"image":{"@id":"https:\/\/www.martinennalsaward.org\/fr\/lordre-des-avocats-de-geneve-solidaire-de-yu-wensheng\/#primaryimage"},"thumbnailUrl":"https:\/\/www.martinennalsaward.org\/wp-content\/uploads\/2021\/02\/jan-walker-8.jpg","datePublished":"2021-02-15T14:14:42+00:00","dateModified":"2021-09-01T13:45:13+00:00","author":{"@id":"https:\/\/www.martinennalsaward.org\/#\/schema\/person\/e5b5e129cdd55c19f6492f506c7aae2b"},"description":"La Commission des droits de l\u2019Homme de l\u2019Ordre des avocats de Gen\u00e8ve honore le courage exemplaire de leur confr\u00e8re chinois Yu Wensheng.","breadcrumb":{"@id":"https:\/\/www.martinennalsaward.org\/fr\/lordre-des-avocats-de-geneve-solidaire-de-yu-wensheng\/#breadcrumb"},"inLanguage":"fr-FR","potentialAction":[{"@type":"ReadAction","target":["https:\/\/www.martinennalsaward.org\/fr\/lordre-des-avocats-de-geneve-solidaire-de-yu-wensheng\/"]}]},{"@type":"ImageObject","inLanguage":"fr-FR","@id":"https:\/\/www.martinennalsaward.org\/fr\/lordre-des-avocats-de-geneve-solidaire-de-yu-wensheng\/#primaryimage","url":"https:\/\/www.martinennalsaward.org\/wp-content\/uploads\/2021\/02\/jan-walker-8.jpg","contentUrl":"https:\/\/www.martinennalsaward.org\/wp-content\/uploads\/2021\/02\/jan-walker-8.jpg","width":1920,"height":1080},{"@type":"BreadcrumbList","@id":"https:\/\/www.martinennalsaward.org\/fr\/lordre-des-avocats-de-geneve-solidaire-de-yu-wensheng\/#breadcrumb","itemListElement":[{"@type":"ListItem","position":1,"name":"Home","item":"https:\/\/www.martinennalsaward.org\/"},{"@type":"ListItem","position":2,"name":"L\u2019ordre des avocats de Gen\u00e8ve solidaire de Yu Wensheng"}]},{"@type":"WebSite","@id":"https:\/\/www.martinennalsaward.org\/#website","url":"https:\/\/www.martinennalsaward.org\/","name":"Martin Ennals Award","description":"For Human Rights Defenders","potentialAction":[{"@type":"SearchAction","target":{"@type":"EntryPoint","urlTemplate":"https:\/\/www.martinennalsaward.org\/?s={search_term_string}"},"query-input":{"@type":"PropertyValueSpecification","valueRequired":true,"valueName":"search_term_string"}}],"inLanguage":"fr-FR"},{"@type":"Person","@id":"https:\/\/www.martinennalsaward.org\/#\/schema\/person\/e5b5e129cdd55c19f6492f506c7aae2b","name":"Media MEA","image":{"@type":"ImageObject","inLanguage":"fr-FR","@id":"https:\/\/www.martinennalsaward.org\/#\/schema\/person\/image\/","url":"https:\/\/secure.gravatar.com\/avatar\/dddd036b53ffcc641447ce50b0f8dd31?s=96&d=mm&r=g","contentUrl":"https:\/\/secure.gravatar.com\/avatar\/dddd036b53ffcc641447ce50b0f8dd31?s=96&d=mm&r=g","caption":"Media MEA"},"sameAs":["http:\/\/www.martinennalsaward.org","media@martinennalsaward.org"],"url":"https:\/\/www.martinennalsaward.org\/fr\/author\/mea-media\/"}]}},"_links":{"self":[{"href":"https:\/\/www.martinennalsaward.org\/fr\/wp-json\/wp\/v2\/posts\/5543"}],"collection":[{"href":"https:\/\/www.martinennalsaward.org\/fr\/wp-json\/wp\/v2\/posts"}],"about":[{"href":"https:\/\/www.martinennalsaward.org\/fr\/wp-json\/wp\/v2\/types\/post"}],"author":[{"embeddable":true,"href":"https:\/\/www.martinennalsaward.org\/fr\/wp-json\/wp\/v2\/users\/9"}],"replies":[{"embeddable":true,"href":"https:\/\/www.martinennalsaward.org\/fr\/wp-json\/wp\/v2\/comments?post=5543"}],"version-history":[{"count":0,"href":"https:\/\/www.martinennalsaward.org\/fr\/wp-json\/wp\/v2\/posts\/5543\/revisions"}],"wp:featuredmedia":[{"embeddable":true,"href":"https:\/\/www.martinennalsaward.org\/fr\/wp-json\/wp\/v2\/media\/5478"}],"wp:attachment":[{"href":"https:\/\/www.martinennalsaward.org\/fr\/wp-json\/wp\/v2\/media?parent=5543"}],"wp:term":[{"taxonomy":"category","embeddable":true,"href":"https:\/\/www.martinennalsaward.org\/fr\/wp-json\/wp\/v2\/categories?post=5543"},{"taxonomy":"post_tag","embeddable":true,"href":"https:\/\/www.martinennalsaward.org\/fr\/wp-json\/wp\/v2\/tags?post=5543"},{"taxonomy":"news_section","embeddable":true,"href":"https:\/\/www.martinennalsaward.org\/fr\/wp-json\/wp\/v2\/news_section?post=5543"}],"curies":[{"name":"wp","href":"https:\/\/api.w.org\/{rel}","templated":true}]}}