{"id":5144,"date":"2021-01-27T15:45:21","date_gmt":"2021-01-27T14:45:21","guid":{"rendered":"https:\/\/www.martinennalsaward.org\/fr\/?p=5144"},"modified":"2021-09-01T15:45:14","modified_gmt":"2021-09-01T13:45:14","slug":"participez-a-la-campagne-iam-avec-le-prix-martin-ennals%e2%80%af","status":"publish","type":"post","link":"https:\/\/www.martinennalsaward.org\/fr\/participez-a-la-campagne-iam-avec-le-prix-martin-ennals%e2%80%af\/","title":{"rendered":"Participez \u00e0 la campagne #IAM\u202f!\u00a0"},"content":{"rendered":"<p><span data-contrast=\"auto\"><img fetchpriority=\"high\" decoding=\"async\" class=\"alignnone wp-image-5201\" src=\"https:\/\/www.martinennalsaward.org\/wp-content\/uploads\/2021\/01\/design-ohne-titel-2-300x142.jpg\" alt=\"\" width=\"701\" height=\"332\" srcset=\"https:\/\/www.martinennalsaward.org\/wp-content\/uploads\/2021\/01\/design-ohne-titel-2-300x142.jpg 300w, https:\/\/www.martinennalsaward.org\/wp-content\/uploads\/2021\/01\/design-ohne-titel-2-1024x484.jpg 1024w, https:\/\/www.martinennalsaward.org\/wp-content\/uploads\/2021\/01\/design-ohne-titel-2-768x363.jpg 768w, https:\/\/www.martinennalsaward.org\/wp-content\/uploads\/2021\/01\/design-ohne-titel-2-1536x727.jpg 1536w, https:\/\/www.martinennalsaward.org\/wp-content\/uploads\/2021\/01\/design-ohne-titel-2-2048x969.jpg 2048w\" sizes=\"(max-width: 701px) 100vw, 701px\" \/><\/span><\/p>\n<p><span data-contrast=\"auto\">Trois courageux<\/span><span data-contrast=\"auto\">-ses<\/span><span data-contrast=\"auto\"> d\u00e9fenseurs<\/span><span data-contrast=\"auto\"> et d\u00e9fenseuses<\/span><span data-contrast=\"auto\"> des droits humains sont les finalistes du prix Martin <\/span><span data-contrast=\"auto\">Ennals<\/span><span data-contrast=\"auto\"> 2021. Ils se battent pour <\/span><span data-contrast=\"auto\">des <\/span><span data-contrast=\"auto\">causes<\/span><span data-contrast=\"auto\"> distinctes <\/span><span data-contrast=\"auto\">aux quatre coins du globe, <\/span><span data-contrast=\"auto\">mais sont unis par leur <\/span><span data-contrast=\"auto\">commun <\/span><span data-contrast=\"auto\">d\u00e9sir d&rsquo;un monde plus juste<\/span><span data-contrast=\"auto\">.<\/span><span data-contrast=\"auto\">\u00a0\u00a0<\/span><span data-ccp-props=\"{&quot;335551550&quot;:6,&quot;335551620&quot;:6,&quot;335559740&quot;:360}\">\u00a0<\/span><\/p>\n<ul>\n<li data-leveltext=\"\uf0b7\" data-font=\"Symbol\" data-listid=\"6\" aria-setsize=\"-1\" data-aria-posinset=\"1\" data-aria-level=\"1\"><a href=\"https:\/\/www.martinennalsaward.org\/fr\/hrd\/loujain-alhathloul\/\" target=\"_blank\" rel=\"noopener\"><strong>Loujain AlHathloul<\/strong><\/a> est une militante f\u00e9ministe en Arabie Saoudite. Elle a \u00e9t\u00e9 tortur\u00e9e et emprisonn\u00e9e pour avoir d\u00e9fendu les droits des femmes saoudiennes : le droit de conduire et de vivre sans tutelle masculine.<\/li>\n<\/ul>\n<ul>\n<li data-leveltext=\"\uf0b7\" data-font=\"Symbol\" data-listid=\"6\" aria-setsize=\"-1\" data-aria-posinset=\"1\" data-aria-level=\"1\"><a href=\"https:\/\/www.martinennalsaward.org\/fr\/hrd\/yu-wensheng\/\" target=\"_blank\" rel=\"noopener\"><strong>Yu Wensheng<\/strong><\/a><span data-contrast=\"auto\"> est un avocat qui d\u00e9fend courageusement l&rsquo;\u00c9tat de droit et l&rsquo;acc\u00e8s \u00e0 une justice \u00e9quitable en Chine, un pays connu pour le nier fr\u00e9quemment. Il est actuellement emprisonn\u00e9 et priv\u00e9 de soins m\u00e9dicaux.<br \/>\n<\/span><span data-ccp-props=\"{&quot;134233279&quot;:true,&quot;335551550&quot;:6,&quot;335551620&quot;:6,&quot;335559740&quot;:360}\">\u00a0<\/span><\/li>\n<li data-leveltext=\"\uf0b7\" data-font=\"Symbol\" data-listid=\"6\" aria-setsize=\"-1\" data-aria-posinset=\"2\" data-aria-level=\"1\"><a href=\"https:\/\/www.martinennalsaward.org\/fr\/hrd\/soltan-achilova\/\" target=\"_blank\" rel=\"noopener\"><strong>Soltan Achilova<\/strong><\/a><span data-contrast=\"auto\"> est un<\/span><span data-contrast=\"auto\">e<\/span> <span data-contrast=\"auto\">journaliste<\/span><span data-contrast=\"auto\"> ind\u00e9pendant<\/span><span data-contrast=\"auto\">e<\/span><span data-contrast=\"auto\"> au Turkm\u00e9nistan. Malgr\u00e9 <\/span><span data-contrast=\"auto\">les menaces et l<\/span><span data-contrast=\"auto\">a surveillance qu\u2019elle subit<\/span><span data-contrast=\"auto\">, elle rend compte <\/span><span data-contrast=\"auto\">sans rel\u00e2che<\/span> <span data-contrast=\"auto\">des violations des droits humains dans son pays<\/span><span data-contrast=\"auto\">.\u00a0<\/span><span data-ccp-props=\"{&quot;134233279&quot;:true,&quot;335551550&quot;:6,&quot;335551620&quot;:6,&quot;335559740&quot;:360}\">\u00a0<\/span><\/li>\n<\/ul>\n<p><strong>Plus que jamais, Loujain, Yu Wensheng et Soltan ont besoin de vous!<\/strong><span data-contrast=\"auto\"> Rejoignez notre campagne <\/span><span data-contrast=\"auto\">#IAM <\/span><span data-contrast=\"auto\">pour leur<\/span> <span data-contrast=\"auto\">exprime<\/span><span data-contrast=\"auto\">r<\/span><span data-contrast=\"auto\"> votre soutien <\/span><span data-contrast=\"auto\">en disant haut et fort<\/span><span data-contrast=\"auto\"> #IamLoujain, #IamYuWensheng, et #IamSoltan.\u00a0\u00a0<\/span><span data-ccp-props=\"{&quot;335551550&quot;:6,&quot;335551620&quot;:6,&quot;335559740&quot;:360}\">\u00a0<\/span><\/p>\n<p><span data-contrast=\"auto\">Trois \u00e9tapes pour soutenir la campagne #MartinEnnals #IAM pour les #D\u00e9fenseurs des droits <\/span><span data-contrast=\"auto\">humains<\/span><span data-contrast=\"auto\"> :\u00a0\u00a0<\/span><span data-ccp-props=\"{&quot;134233279&quot;:true,&quot;335551550&quot;:6,&quot;335551620&quot;:6,&quot;335559740&quot;:360}\">\u00a0<\/span><\/p>\n<ol>\n<li data-leveltext=\"%1.\" data-font=\"Times New Roman\" data-listid=\"8\" aria-setsize=\"-1\" data-aria-posinset=\"1\" data-aria-level=\"1\"><span data-contrast=\"auto\">T\u00e9l\u00e9chargez et imprimez les affiches de la campagne #IAM sur notre site web: <a href=\"https:\/\/www.martinennalsaward.org\/wp-content\/uploads\/2021\/01\/MEA_Affiche-je-suis-Loujain.pdf\" target=\"_blank\" rel=\"noopener\">Loujain AlHathloul<\/a>, <a href=\"https:\/\/www.martinennalsaward.org\/wp-content\/uploads\/2021\/01\/MEA_Affiche-je-suis-Soltan.pdf\" target=\"_blank\" rel=\"noopener\">Soltan Achilova<\/a> et <a href=\"https:\/\/www.martinennalsaward.org\/wp-content\/uploads\/2021\/01\/MEA_Affiche-je-suis-Yu.pdf\" target=\"_blank\" rel=\"noopener\">Yu Wensheng<\/a><\/span><span data-contrast=\"auto\">\u00a0<\/span><\/li>\n<li data-leveltext=\"%1.\" data-font=\"Times New Roman\" data-listid=\"8\" aria-setsize=\"-1\" data-aria-posinset=\"1\" data-aria-level=\"1\"><span data-contrast=\"auto\">Montrez<\/span><span data-contrast=\"auto\"> votre soutien en prenant un selfie avec l&rsquo;affiche du finaliste de votre choix\u00a0<\/span><\/li>\n<li data-leveltext=\"%1.\" data-font=\"Times New Roman\" data-listid=\"8\" aria-setsize=\"-1\" data-aria-posinset=\"1\" data-aria-level=\"1\"><span data-contrast=\"auto\">Postez votre selfie sur la page de votre m\u00e9dia social pr\u00e9f\u00e9r\u00e9 avec l&rsquo;un des hashtags suivants #WeAreAllHumanRightsDefenders #ProtectDefenders #OurRights #MartinEnnalsAward ou partagez-le avec nous par e-mail (<a href=\"mailto:media@martinennalsaward.org\">media@martinennalsaward.org<\/a>)\u00a0<\/span><span data-ccp-props=\"{&quot;134233279&quot;:true,&quot;335551550&quot;:6,&quot;335551620&quot;:6,&quot;335559740&quot;:360}\">\u00a0<\/span><\/li>\n<\/ol>\n<p style=\"text-align: center;\"><span data-contrast=\"auto\">Merci de prendre position pour <\/span><span data-contrast=\"auto\">Loujain<\/span><span data-contrast=\"auto\">, <\/span><span data-contrast=\"auto\">Soltan<\/span><span data-contrast=\"auto\"> et <\/span><span data-contrast=\"auto\">Yu<\/span> <span data-contrast=\"auto\">Wensheng<\/span><span data-contrast=\"auto\"> !<\/span><span data-ccp-props=\"{&quot;335551550&quot;:2,&quot;335551620&quot;:2,&quot;335559740&quot;:360}\">\u00a0<\/span><\/p>\n<p style=\"text-align: center;\"><strong>La Fondation Martin Ennals\u00a0<\/strong><\/p>\n","protected":false},"excerpt":{"rendered":"<p>Trois courageux-ses d\u00e9fenseurs et d\u00e9fenseuses des droits humains sont les finalistes du prix Martin Ennals 2021. Ils se battent pour des causes distinctes aux quatre coins du globe, mais sont unis par leur commun d\u00e9sir d&rsquo;un monde plus juste.\u00a0\u00a0\u00a0 Loujain AlHathloul est une militante f\u00e9ministe en Arabie Saoudite. Elle a \u00e9t\u00e9 tortur\u00e9e et emprisonn\u00e9e pour<a class=\"read-more\" href=\"https:\/\/www.martinennalsaward.org\/fr\/participez-a-la-campagne-iam-avec-le-prix-martin-ennals%e2%80%af\/\">Read More&#8230;<\/a><\/p>\n","protected":false},"author":9,"featured_media":5201,"comment_status":"open","ping_status":"open","sticky":false,"template":"","format":"standard","meta":{"_acf_changed":false,"footnotes":""},"categories":[237,280,2],"tags":[278,277,276],"news_section":[343],"class_list":["post-5144","post","type-post","status-publish","format-standard","has-post-thumbnail","hentry","category-actualites","category-finalistes","category-non-classifiee","tag-loujain-alhathloul","tag-soltan-achilova","tag-yu-wensheng","news_section-news"],"acf":[],"yoast_head":"<!-- This site is optimized with the Yoast SEO plugin v24.1 - https:\/\/yoast.com\/wordpress\/plugins\/seo\/ -->\n<title>Participez \u00e0 la campagne #IAM\u202f!\u00a0 - Martin Ennals Award<\/title>\n<meta name=\"description\" content=\"Participez \u00e0 la campagne #IAM avec le prix Martin Ennals\u202f!\u00a0\" \/>\n<meta name=\"robots\" content=\"index, follow, max-snippet:-1, max-image-preview:large, max-video-preview:-1\" \/>\n<link rel=\"canonical\" href=\"https:\/\/www.martinennalsaward.org\/fr\/participez-a-la-campagne-iam-avec-le-prix-martin-ennals\u202f\/\" \/>\n<meta property=\"og:locale\" content=\"fr_FR\" \/>\n<meta property=\"og:type\" content=\"article\" \/>\n<meta property=\"og:title\" content=\"Participez \u00e0 la campagne #IAM\u202f!\u00a0 - Martin Ennals Award\" \/>\n<meta property=\"og:description\" content=\"Participez \u00e0 la campagne #IAM avec le prix Martin Ennals\u202f!\u00a0\" \/>\n<meta property=\"og:url\" content=\"https:\/\/www.martinennalsaward.org\/fr\/participez-a-la-campagne-iam-avec-le-prix-martin-ennals\u202f\/\" \/>\n<meta property=\"og:site_name\" content=\"Martin Ennals Award\" \/>\n<meta property=\"article:published_time\" content=\"2021-01-27T14:45:21+00:00\" \/>\n<meta property=\"article:modified_time\" content=\"2021-09-01T13:45:14+00:00\" \/>\n<meta property=\"og:image\" content=\"https:\/\/www.martinennalsaward.org\/wp-content\/uploads\/2021\/01\/design-ohne-titel-2-scaled.jpg\" \/>\n\t<meta property=\"og:image:width\" content=\"2560\" \/>\n\t<meta property=\"og:image:height\" content=\"1211\" \/>\n\t<meta property=\"og:image:type\" content=\"image\/jpeg\" \/>\n<meta name=\"author\" content=\"Media MEA\" \/>\n<meta name=\"twitter:card\" content=\"summary_large_image\" \/>\n<meta name=\"twitter:label1\" content=\"\u00c9crit par\" \/>\n\t<meta name=\"twitter:data1\" content=\"Media MEA\" \/>\n\t<meta name=\"twitter:label2\" content=\"Dur\u00e9e de lecture estim\u00e9e\" \/>\n\t<meta name=\"twitter:data2\" content=\"1 minute\" \/>\n<script type=\"application\/ld+json\" class=\"yoast-schema-graph\">{\"@context\":\"https:\/\/schema.org\",\"@graph\":[{\"@type\":\"WebPage\",\"@id\":\"https:\/\/www.martinennalsaward.org\/fr\/participez-a-la-campagne-iam-avec-le-prix-martin-ennals%e2%80%af\/\",\"url\":\"https:\/\/www.martinennalsaward.org\/fr\/participez-a-la-campagne-iam-avec-le-prix-martin-ennals%e2%80%af\/\",\"name\":\"Participez \u00e0 la campagne #IAM\u202f!\u00a0 - Martin Ennals Award\",\"isPartOf\":{\"@id\":\"https:\/\/www.martinennalsaward.org\/#website\"},\"primaryImageOfPage\":{\"@id\":\"https:\/\/www.martinennalsaward.org\/fr\/participez-a-la-campagne-iam-avec-le-prix-martin-ennals%e2%80%af\/#primaryimage\"},\"image\":{\"@id\":\"https:\/\/www.martinennalsaward.org\/fr\/participez-a-la-campagne-iam-avec-le-prix-martin-ennals%e2%80%af\/#primaryimage\"},\"thumbnailUrl\":\"https:\/\/www.martinennalsaward.org\/wp-content\/uploads\/2021\/01\/design-ohne-titel-2-scaled.jpg\",\"datePublished\":\"2021-01-27T14:45:21+00:00\",\"dateModified\":\"2021-09-01T13:45:14+00:00\",\"author\":{\"@id\":\"https:\/\/www.martinennalsaward.org\/#\/schema\/person\/e5b5e129cdd55c19f6492f506c7aae2b\"},\"description\":\"Participez \u00e0 la campagne #IAM avec le prix Martin Ennals\u202f!\u00a0\",\"breadcrumb\":{\"@id\":\"https:\/\/www.martinennalsaward.org\/fr\/participez-a-la-campagne-iam-avec-le-prix-martin-ennals%e2%80%af\/#breadcrumb\"},\"inLanguage\":\"fr-FR\",\"potentialAction\":[{\"@type\":\"ReadAction\",\"target\":[\"https:\/\/www.martinennalsaward.org\/fr\/participez-a-la-campagne-iam-avec-le-prix-martin-ennals%e2%80%af\/\"]}]},{\"@type\":\"ImageObject\",\"inLanguage\":\"fr-FR\",\"@id\":\"https:\/\/www.martinennalsaward.org\/fr\/participez-a-la-campagne-iam-avec-le-prix-martin-ennals%e2%80%af\/#primaryimage\",\"url\":\"https:\/\/www.martinennalsaward.org\/wp-content\/uploads\/2021\/01\/design-ohne-titel-2-scaled.jpg\",\"contentUrl\":\"https:\/\/www.martinennalsaward.org\/wp-content\/uploads\/2021\/01\/design-ohne-titel-2-scaled.jpg\",\"width\":2560,\"height\":1211},{\"@type\":\"BreadcrumbList\",\"@id\":\"https:\/\/www.martinennalsaward.org\/fr\/participez-a-la-campagne-iam-avec-le-prix-martin-ennals%e2%80%af\/#breadcrumb\",\"itemListElement\":[{\"@type\":\"ListItem\",\"position\":1,\"name\":\"Home\",\"item\":\"https:\/\/www.martinennalsaward.org\/\"},{\"@type\":\"ListItem\",\"position\":2,\"name\":\"Participez \u00e0 la campagne #IAM\u202f!\u00a0\"}]},{\"@type\":\"WebSite\",\"@id\":\"https:\/\/www.martinennalsaward.org\/#website\",\"url\":\"https:\/\/www.martinennalsaward.org\/\",\"name\":\"Martin Ennals Award\",\"description\":\"For Human Rights Defenders\",\"potentialAction\":[{\"@type\":\"SearchAction\",\"target\":{\"@type\":\"EntryPoint\",\"urlTemplate\":\"https:\/\/www.martinennalsaward.org\/?s={search_term_string}\"},\"query-input\":{\"@type\":\"PropertyValueSpecification\",\"valueRequired\":true,\"valueName\":\"search_term_string\"}}],\"inLanguage\":\"fr-FR\"},{\"@type\":\"Person\",\"@id\":\"https:\/\/www.martinennalsaward.org\/#\/schema\/person\/e5b5e129cdd55c19f6492f506c7aae2b\",\"name\":\"Media MEA\",\"image\":{\"@type\":\"ImageObject\",\"inLanguage\":\"fr-FR\",\"@id\":\"https:\/\/www.martinennalsaward.org\/#\/schema\/person\/image\/\",\"url\":\"https:\/\/secure.gravatar.com\/avatar\/dddd036b53ffcc641447ce50b0f8dd31?s=96&d=mm&r=g\",\"contentUrl\":\"https:\/\/secure.gravatar.com\/avatar\/dddd036b53ffcc641447ce50b0f8dd31?s=96&d=mm&r=g\",\"caption\":\"Media MEA\"},\"sameAs\":[\"http:\/\/www.martinennalsaward.org\",\"media@martinennalsaward.org\"],\"url\":\"https:\/\/www.martinennalsaward.org\/fr\/author\/mea-media\/\"}]}<\/script>\n<!-- \/ Yoast SEO plugin. -->","yoast_head_json":{"title":"Participez \u00e0 la campagne #IAM\u202f!\u00a0 - Martin Ennals Award","description":"Participez \u00e0 la campagne #IAM avec le prix Martin Ennals\u202f!\u00a0","robots":{"index":"index","follow":"follow","max-snippet":"max-snippet:-1","max-image-preview":"max-image-preview:large","max-video-preview":"max-video-preview:-1"},"canonical":"https:\/\/www.martinennalsaward.org\/fr\/participez-a-la-campagne-iam-avec-le-prix-martin-ennals\u202f\/","og_locale":"fr_FR","og_type":"article","og_title":"Participez \u00e0 la campagne #IAM\u202f!\u00a0 - Martin Ennals Award","og_description":"Participez \u00e0 la campagne #IAM avec le prix Martin Ennals\u202f!\u00a0","og_url":"https:\/\/www.martinennalsaward.org\/fr\/participez-a-la-campagne-iam-avec-le-prix-martin-ennals\u202f\/","og_site_name":"Martin Ennals Award","article_published_time":"2021-01-27T14:45:21+00:00","article_modified_time":"2021-09-01T13:45:14+00:00","og_image":[{"width":2560,"height":1211,"url":"https:\/\/www.martinennalsaward.org\/wp-content\/uploads\/2021\/01\/design-ohne-titel-2-scaled.jpg","type":"image\/jpeg"}],"author":"Media MEA","twitter_card":"summary_large_image","twitter_misc":{"\u00c9crit par":"Media MEA","Dur\u00e9e de lecture estim\u00e9e":"1 minute"},"schema":{"@context":"https:\/\/schema.org","@graph":[{"@type":"WebPage","@id":"https:\/\/www.martinennalsaward.org\/fr\/participez-a-la-campagne-iam-avec-le-prix-martin-ennals%e2%80%af\/","url":"https:\/\/www.martinennalsaward.org\/fr\/participez-a-la-campagne-iam-avec-le-prix-martin-ennals%e2%80%af\/","name":"Participez \u00e0 la campagne #IAM\u202f!\u00a0 - Martin Ennals Award","isPartOf":{"@id":"https:\/\/www.martinennalsaward.org\/#website"},"primaryImageOfPage":{"@id":"https:\/\/www.martinennalsaward.org\/fr\/participez-a-la-campagne-iam-avec-le-prix-martin-ennals%e2%80%af\/#primaryimage"},"image":{"@id":"https:\/\/www.martinennalsaward.org\/fr\/participez-a-la-campagne-iam-avec-le-prix-martin-ennals%e2%80%af\/#primaryimage"},"thumbnailUrl":"https:\/\/www.martinennalsaward.org\/wp-content\/uploads\/2021\/01\/design-ohne-titel-2-scaled.jpg","datePublished":"2021-01-27T14:45:21+00:00","dateModified":"2021-09-01T13:45:14+00:00","author":{"@id":"https:\/\/www.martinennalsaward.org\/#\/schema\/person\/e5b5e129cdd55c19f6492f506c7aae2b"},"description":"Participez \u00e0 la campagne #IAM avec le prix Martin Ennals\u202f!\u00a0","breadcrumb":{"@id":"https:\/\/www.martinennalsaward.org\/fr\/participez-a-la-campagne-iam-avec-le-prix-martin-ennals%e2%80%af\/#breadcrumb"},"inLanguage":"fr-FR","potentialAction":[{"@type":"ReadAction","target":["https:\/\/www.martinennalsaward.org\/fr\/participez-a-la-campagne-iam-avec-le-prix-martin-ennals%e2%80%af\/"]}]},{"@type":"ImageObject","inLanguage":"fr-FR","@id":"https:\/\/www.martinennalsaward.org\/fr\/participez-a-la-campagne-iam-avec-le-prix-martin-ennals%e2%80%af\/#primaryimage","url":"https:\/\/www.martinennalsaward.org\/wp-content\/uploads\/2021\/01\/design-ohne-titel-2-scaled.jpg","contentUrl":"https:\/\/www.martinennalsaward.org\/wp-content\/uploads\/2021\/01\/design-ohne-titel-2-scaled.jpg","width":2560,"height":1211},{"@type":"BreadcrumbList","@id":"https:\/\/www.martinennalsaward.org\/fr\/participez-a-la-campagne-iam-avec-le-prix-martin-ennals%e2%80%af\/#breadcrumb","itemListElement":[{"@type":"ListItem","position":1,"name":"Home","item":"https:\/\/www.martinennalsaward.org\/"},{"@type":"ListItem","position":2,"name":"Participez \u00e0 la campagne #IAM\u202f!\u00a0"}]},{"@type":"WebSite","@id":"https:\/\/www.martinennalsaward.org\/#website","url":"https:\/\/www.martinennalsaward.org\/","name":"Martin Ennals Award","description":"For Human Rights Defenders","potentialAction":[{"@type":"SearchAction","target":{"@type":"EntryPoint","urlTemplate":"https:\/\/www.martinennalsaward.org\/?s={search_term_string}"},"query-input":{"@type":"PropertyValueSpecification","valueRequired":true,"valueName":"search_term_string"}}],"inLanguage":"fr-FR"},{"@type":"Person","@id":"https:\/\/www.martinennalsaward.org\/#\/schema\/person\/e5b5e129cdd55c19f6492f506c7aae2b","name":"Media MEA","image":{"@type":"ImageObject","inLanguage":"fr-FR","@id":"https:\/\/www.martinennalsaward.org\/#\/schema\/person\/image\/","url":"https:\/\/secure.gravatar.com\/avatar\/dddd036b53ffcc641447ce50b0f8dd31?s=96&d=mm&r=g","contentUrl":"https:\/\/secure.gravatar.com\/avatar\/dddd036b53ffcc641447ce50b0f8dd31?s=96&d=mm&r=g","caption":"Media MEA"},"sameAs":["http:\/\/www.martinennalsaward.org","media@martinennalsaward.org"],"url":"https:\/\/www.martinennalsaward.org\/fr\/author\/mea-media\/"}]}},"_links":{"self":[{"href":"https:\/\/www.martinennalsaward.org\/fr\/wp-json\/wp\/v2\/posts\/5144"}],"collection":[{"href":"https:\/\/www.martinennalsaward.org\/fr\/wp-json\/wp\/v2\/posts"}],"about":[{"href":"https:\/\/www.martinennalsaward.org\/fr\/wp-json\/wp\/v2\/types\/post"}],"author":[{"embeddable":true,"href":"https:\/\/www.martinennalsaward.org\/fr\/wp-json\/wp\/v2\/users\/9"}],"replies":[{"embeddable":true,"href":"https:\/\/www.martinennalsaward.org\/fr\/wp-json\/wp\/v2\/comments?post=5144"}],"version-history":[{"count":0,"href":"https:\/\/www.martinennalsaward.org\/fr\/wp-json\/wp\/v2\/posts\/5144\/revisions"}],"wp:featuredmedia":[{"embeddable":true,"href":"https:\/\/www.martinennalsaward.org\/fr\/wp-json\/wp\/v2\/media\/5201"}],"wp:attachment":[{"href":"https:\/\/www.martinennalsaward.org\/fr\/wp-json\/wp\/v2\/media?parent=5144"}],"wp:term":[{"taxonomy":"category","embeddable":true,"href":"https:\/\/www.martinennalsaward.org\/fr\/wp-json\/wp\/v2\/categories?post=5144"},{"taxonomy":"post_tag","embeddable":true,"href":"https:\/\/www.martinennalsaward.org\/fr\/wp-json\/wp\/v2\/tags?post=5144"},{"taxonomy":"news_section","embeddable":true,"href":"https:\/\/www.martinennalsaward.org\/fr\/wp-json\/wp\/v2\/news_section?post=5144"}],"curies":[{"name":"wp","href":"https:\/\/api.w.org\/{rel}","templated":true}]}}