{"id":4969,"date":"2021-01-18T13:47:02","date_gmt":"2021-01-18T12:47:02","guid":{"rendered":"https:\/\/www.martinennalsaward.org\/fr\/?p=4969"},"modified":"2021-09-01T15:45:14","modified_gmt":"2021-09-01T13:45:14","slug":"les-finalistes-du-prix-martin-ennals-2021-mettent-en-lumiere-les-abus-de-regimes-autoritaires","status":"publish","type":"post","link":"https:\/\/www.martinennalsaward.org\/fr\/les-finalistes-du-prix-martin-ennals-2021-mettent-en-lumiere-les-abus-de-regimes-autoritaires\/","title":{"rendered":"Les finalistes du Prix Martin Ennals 2021 mettent en lumi\u00e8re les abus de r\u00e9gimes autoritaires\u00a0"},"content":{"rendered":"<p><img fetchpriority=\"high\" decoding=\"async\" class=\"wp-image-4960 alignnone\" src=\"https:\/\/www.martinennalsaward.org\/wp-content\/uploads\/2021\/01\/mea-2021-web-1120x560-1-300x150.jpg\" alt=\"\" width=\"658\" height=\"329\" srcset=\"https:\/\/www.martinennalsaward.org\/wp-content\/uploads\/2021\/01\/mea-2021-web-1120x560-1-300x150.jpg 300w, https:\/\/www.martinennalsaward.org\/wp-content\/uploads\/2021\/01\/mea-2021-web-1120x560-1-1024x512.jpg 1024w, https:\/\/www.martinennalsaward.org\/wp-content\/uploads\/2021\/01\/mea-2021-web-1120x560-1-768x384.jpg 768w, https:\/\/www.martinennalsaward.org\/wp-content\/uploads\/2021\/01\/mea-2021-web-1120x560-1.jpg 1120w\" sizes=\"(max-width: 658px) 100vw, 658px\" \/><\/p>\n<p><b><span data-contrast=\"none\">Trois \u00e9minent-e-s d\u00e9fenseur-<\/span><\/b><b><span data-contrast=\"none\">euse<\/span><\/b><b><span data-contrast=\"none\">-s des droits humains qui m\u00e8nent leur combat pour les libert\u00e9s dans des \u00c9tats autoritaires sont les finalistes du Prix Martin <\/span><\/b><b><span data-contrast=\"none\">Ennals<\/span><\/b><b><span data-contrast=\"none\"> pour les d\u00e9fenseur-<\/span><\/b><b><span data-contrast=\"none\">euse<\/span><\/b><b><span data-contrast=\"none\">-s des droits humains 2021. Au Turkm\u00e9nistan, l\u2019un des pays les plus isol\u00e9s au monde, <\/span><\/b><a href=\"https:\/\/www.martinennalsaward.org\/fr\/hrd\/soltan-achilova\/\" target=\"_blank\" rel=\"noopener\"><b><span data-contrast=\"none\">Soltan<\/span><\/b> <b><span data-contrast=\"none\">Achilova<\/span><\/b><\/a><b><span data-contrast=\"none\"> documente les violations des droits humains par le biais du photojournalisme. <\/span><\/b><a href=\"https:\/\/www.martinennalsaward.org\/fr\/hrd\/loujain-alhathloul\/\" target=\"_blank\" rel=\"noopener\"><b><span data-contrast=\"none\">Loujain<\/span><\/b> <b><span data-contrast=\"none\">AlHathloul<\/span><\/b><\/a><b><span data-contrast=\"none\"> est une \u00e9minente d\u00e9fenseuse de l&rsquo;\u00e9galit\u00e9 des sexes et des droits des femmes d\u00e9tenue en Arabie saoudite. L\u2019avocat <\/span><\/b><a href=\"https:\/\/www.martinennalsaward.org\/fr\/hrd\/yu-wensheng\/\" target=\"_blank\" rel=\"noopener\"><b><span data-contrast=\"none\">Yu<\/span><\/b> <b><span data-contrast=\"none\">Wensheng<\/span><\/b><\/a><b><span data-contrast=\"none\"> a d\u00e9fendu les droits de plusieurs de ses compatriotes et de militants des droits humains avant sa condamnation et son emprisonnement en Chine. Les finalistes se distinguent par leur courage et leur engagement infaillible pour les causes qu&rsquo;ils d\u00e9fendent<\/span><\/b> <b><span data-contrast=\"none\">malgr\u00e9 les nombreuses tentatives de leurs gouvernements respectifs de les r\u00e9duire au silence. Leur courage sera c\u00e9l\u00e9br\u00e9 lors de la c\u00e9r\u00e9monie de remise du Prix Martin <\/span><\/b><b><span data-contrast=\"none\">Ennals<\/span><\/b><b><span data-contrast=\"none\"> 2021 qui <\/span><\/b><b><span data-contrast=\"none\">se d\u00e9roulera<\/span><\/b><b><span data-contrast=\"none\"> en ligne le 11 f\u00e9vrier prochain. La soir\u00e9e est <\/span><\/b><b><span data-contrast=\"none\">co<\/span><\/b><b><span data-contrast=\"none\">-organis\u00e9e par la Ville de Gen\u00e8ve qui, fid\u00e8le \u00e0 son engagement en faveur des droits humains, soutient le Prix depuis de nombreuses ann\u00e9es.\u00a0<\/span><\/b><span data-ccp-props=\"{&quot;335551550&quot;:6,&quot;335551620&quot;:6,&quot;469777462&quot;:[708,1416,2124,2832,3540,4248,4956,5664,6372,7080,7788,8496,9204],&quot;469777927&quot;:[0,0,0,0,0,0,0,0,0,0,0,0,0],&quot;469777928&quot;:[1,1,1,1,1,1,1,1,1,1,1,1,1]}\">\u00a0<\/span><\/p>\n<p><span data-ccp-props=\"{&quot;335551550&quot;:6,&quot;335551620&quot;:6,&quot;469777462&quot;:[708,1416,2124,2832,3540,4248,4956,5664,6372,7080,7788,8496,9204],&quot;469777927&quot;:[0,0,0,0,0,0,0,0,0,0,0,0,0],&quot;469777928&quot;:[1,1,1,1,1,1,1,1,1,1,1,1,1]}\">\u00a0<\/span><\/p>\n<h3>Rien ne saurait nous emp\u00eacher de c\u00e9l\u00e9brer les d\u00e9fenseur-euse-s des droits humains<span data-ccp-props=\"{&quot;335551550&quot;:6,&quot;335551620&quot;:6,&quot;469777462&quot;:[708,1416,2124,2832,3540,4248,4956,5664,6372,7080,7788,8496,9204],&quot;469777927&quot;:[0,0,0,0,0,0,0,0,0,0,0,0,0],&quot;469777928&quot;:[1,1,1,1,1,1,1,1,1,1,1,1,1]}\">\u00a0<\/span><\/h3>\n<p><span data-contrast=\"none\">Chaque ann\u00e9e, le Prix Martin <\/span><span data-contrast=\"none\">Ennals<\/span><span data-contrast=\"none\"> honore des d\u00e9fenseur-<\/span><span data-contrast=\"none\">euse<\/span><span data-contrast=\"none\">-s des droits humains du monde entier qui se distinguent par leur profond engagement \u00e0 promouvoir nos droits fondamentaux et ce, souvent au p\u00e9ril de leur vie. En 2021, le Jury a nomin\u00e9 trois personnes qui travaillent dans des contextes de r\u00e9gimes <\/span><span data-contrast=\"none\">tr\u00e8s<\/span><span data-contrast=\"none\"> autoritaires. <\/span><i><span data-contrast=\"none\">\u00ab\u202fChaque ann\u00e9e, des milliers de d\u00e9fenseur-<\/span><\/i><i><span data-contrast=\"none\">euse<\/span><\/i><i><span data-contrast=\"none\">-s des droits humains sont pers\u00e9cut\u00e9-e-s, harcel\u00e9-e-s, emprisonn\u00e9-e-s, voire tu\u00e9-e-s. <\/span><\/i><i><span data-contrast=\"none\">C\u2019est un honneur pour l<\/span><\/i><i><span data-contrast=\"none\">a Fondation Martin <\/span><\/i><i><span data-contrast=\"none\">Ennals<\/span><\/i> <i><span data-contrast=\"none\">que de<\/span><\/i><i><span data-contrast=\"none\"> c\u00e9l\u00e9brer les finalistes<\/span><\/i><i><span data-contrast=\"none\"> de notre Prix 2021, <\/span><\/i><i><span data-contrast=\"none\">qui ont tant fait pour les autres\u202f; les \u00e9preuves qu\u2019ils ont travers\u00e9es sont embl\u00e9matiques de la pr\u00e9carit\u00e9 \u00e0 laquelle se retrouve confront\u00e9 le mouvement des droits humains aujourd&rsquo;hui\u202f\u00bb<\/span><\/i><span data-contrast=\"none\">, note <a href=\"https:\/\/www.martinennalsaward.org\/boards\/isabel-de-sola\/\" target=\"_blank\" rel=\"noopener\">Isabel de Sola<\/a>, directrice de la Fondation Martin <\/span><span data-contrast=\"none\">Ennals<\/span><span data-contrast=\"none\">.<\/span><span data-ccp-props=\"{&quot;335551550&quot;:6,&quot;335551620&quot;:6,&quot;469777462&quot;:[708,1416,2124,2832,3540,4248,4956,5664,6372,7080,7788,8496,9204],&quot;469777927&quot;:[0,0,0,0,0,0,0,0,0,0,0,0,0],&quot;469777928&quot;:[1,1,1,1,1,1,1,1,1,1,1,1,1]}\">\u00a0<\/span><\/p>\n<p><span data-ccp-props=\"{&quot;335551550&quot;:6,&quot;335551620&quot;:6,&quot;469777462&quot;:[708,1416,2124,2832,3540,4248,4956,5664,6372,7080,7788,8496,9204],&quot;469777927&quot;:[0,0,0,0,0,0,0,0,0,0,0,0,0],&quot;469777928&quot;:[1,1,1,1,1,1,1,1,1,1,1,1,1]}\">\u00a0<\/span><\/p>\n<h3>Les finalistes 2021<\/h3>\n<p><i><span data-contrast=\"none\">\u00ab\u202fLes \u00c9tats autoritaires <\/span><\/i><i><span data-contrast=\"none\">tendent<\/span><\/i><i><span data-contrast=\"none\"> \u00e0 croire qu&rsquo;il suffit d\u2019emprisonner ou de censurer les d\u00e9fenseur-<\/span><\/i><i><span data-contrast=\"none\">euse<\/span><\/i><i><span data-contrast=\"none\">-s des droits humains pour que le monde les oublie. Pendant la pand\u00e9mie de COVID-19, on aurait pu s\u2019attendre \u00e0 ce que les mesures de confinement parviennent \u00e0 <\/span><\/i><i><span data-contrast=\"none\">davantage <\/span><\/i><i><span data-contrast=\"none\">emp\u00eacher les gens de s&rsquo;exprimer. Les finalistes de cette ann\u00e9e sont la preuve vivante que rien n&rsquo;est plus \u00e9loign\u00e9 de la v\u00e9rit\u00e9\u202f\u00bb, <\/span><\/i>commente<a href=\"https:\/\/www.martinennalsaward.org\/boards\/hans-thoolen\/\" target=\"_blank\" rel=\"noopener\"> Hans Thoolen<\/a>, pr\u00e9sident du Jury.<\/p>\n<p><span data-ccp-props=\"{&quot;335551550&quot;:6,&quot;335551620&quot;:6,&quot;469777462&quot;:[708,1416,2124,2832,3540,4248,4956,5664,6372,7080,7788,8496,9204],&quot;469777927&quot;:[0,0,0,0,0,0,0,0,0,0,0,0,0],&quot;469777928&quot;:[1,1,1,1,1,1,1,1,1,1,1,1,1]}\">\u00a0<\/span><\/p>\n<ul>\n<li data-leveltext=\"\u2022\" data-font=\"Arial\" data-listid=\"2\" aria-setsize=\"-1\" data-aria-posinset=\"1\" data-aria-level=\"1\"><span data-contrast=\"none\">Au <\/span><b><span data-contrast=\"none\">Turkm\u00e9nistan<\/span><\/b><span data-contrast=\"none\">, l&rsquo;un des pays les plus isol\u00e9s du monde, la libert\u00e9 d&rsquo;expression est inexistante et les journalistes ind\u00e9pendants travaillent au p\u00e9ril de leur vie. <\/span><b><span data-contrast=\"none\">Soltan<\/span><\/b> <b><span data-contrast=\"none\">Achilova<\/span><\/b><span data-contrast=\"none\">, une photojournaliste \u00e2g\u00e9e de 71\u202fans, documente les violations des droits humains et les probl\u00e8mes sociaux qui touchent les Turkm\u00e8nes dans leur vie quotidienne. C\u2019est <\/span><span data-contrast=\"none\">l\u2019<\/span><span data-contrast=\"none\">une des rares journalistes du pays \u00e0 oser signer des articles ind\u00e9pendants malgr\u00e9 le contexte r\u00e9pressif dans lequel elle travaille et les \u00e9preuves qu\u2019elle <\/span><span data-contrast=\"none\">a <\/span><span data-contrast=\"none\">travers<\/span><span data-contrast=\"none\">\u00e9es<\/span><span data-contrast=\"none\">.\u00a0<\/span><span data-ccp-props=\"{&quot;335551550&quot;:6,&quot;335551620&quot;:6}\">\u00a0<\/span><\/li>\n<li data-leveltext=\"\u2022\" data-font=\"Arial\" data-listid=\"2\" aria-setsize=\"-1\" data-aria-posinset=\"2\" data-aria-level=\"1\"><span data-contrast=\"none\">En <\/span><b><span data-contrast=\"none\">Arabie saoudite<\/span><\/b><span data-contrast=\"none\">, les femmes sont encore confront\u00e9es \u00e0 plusieurs formes de discrimination de genre\u202f: le Royaume figure parmi les dix derniers du classement \u00e9tabli par <\/span><i><span data-contrast=\"none\">le Rapport <\/span><\/i><i><span data-contrast=\"none\">2020 <\/span><\/i><i><span data-contrast=\"none\">sur la parit\u00e9 entre les hommes et les femmes dans le monde<\/span><\/i><span data-contrast=\"none\">, publi\u00e9 par le Forum \u00e9conomique mondial. <\/span><span data-contrast=\"none\">Loujain<\/span> <span data-contrast=\"none\">AlHathloul<\/span><span data-contrast=\"none\">, 31 ans, a \u00e9t\u00e9 l&rsquo;une des principales figures du mouvement \u00ab\u202f<\/span><span data-contrast=\"none\">Women<\/span><span data-contrast=\"none\"> to drive\u202f\u00bb et milite pour l\u2019abolition du syst\u00e8me de tutelle masculine. Elle a \u00e9t\u00e9 emprisonn\u00e9e en 2018 pour des motifs li\u00e9s \u00e0 la s\u00e9curit\u00e9 nationale avec plusieurs autres militantes. Tortur\u00e9e, priv\u00e9e de soins m\u00e9dicaux et plac\u00e9e en cellule d\u2019isolement, <\/span><span data-contrast=\"none\">Loujain<\/span><span data-contrast=\"none\"> a \u00e9t\u00e9 condamn\u00e9e \u00e0 cinq ans et huit mois de prison le 28 d\u00e9cembre 2020.<\/span><span data-ccp-props=\"{&quot;335551550&quot;:6,&quot;335551620&quot;:6}\">\u00a0<\/span><\/li>\n<\/ul>\n<ul>\n<li data-leveltext=\"\u2022\" data-font=\"Arial\" data-listid=\"2\" aria-setsize=\"-1\" data-aria-posinset=\"1\" data-aria-level=\"1\"><span data-contrast=\"none\">En <\/span><b><span data-contrast=\"none\">Chine<\/span><\/b><span data-contrast=\"none\">, plus de 300 militants des droits humains et avocats ont disparu ou ont \u00e9t\u00e9 arr\u00eat\u00e9s en 2015 lors de la vague de <\/span><span data-contrast=\"none\">\u00ab\u202f<\/span><span data-contrast=\"none\">r\u00e9pression\u202f709\u202f\u00bb. <\/span><span data-contrast=\"none\">Yu<\/span> <span data-contrast=\"none\">Wensheng<\/span><span data-contrast=\"none\">, 54 ans, a abandonn\u00e9 sa carri\u00e8re <\/span><span data-contrast=\"none\">florissante d\u2019avocat d&rsquo;affaires pour d\u00e9fendre l&rsquo;un de ces avocats d\u00e9tenus, avant d&rsquo;\u00eatre lui-m\u00eame arr\u00eat\u00e9. <\/span><span data-contrast=\"none\">Yu<\/span> <span data-contrast=\"none\">Wensheng<\/span><span data-contrast=\"none\"> est aujourd\u2019hui d\u00e9tenu depuis pr\u00e8s de trois ans\u202f; on lui a \u00e9cras\u00e9 la main droite en prison et son \u00e9tat de sant\u00e9 se d\u00e9t\u00e9riore de jour en jour.<\/span><span data-ccp-props=\"{&quot;335551550&quot;:6,&quot;335551620&quot;:6}\">\u00a0<\/span><\/li>\n<\/ul>\n<p>&nbsp;<\/p>\n<h3>C\u00e9r\u00e9monie de remise du Prix en ligne le 11 f\u00e9vrier 2021<\/h3>\n<p><span data-contrast=\"none\">Le <\/span><span data-contrast=\"none\">P<\/span><span data-contrast=\"none\">rix Martin <\/span><span data-contrast=\"none\">Ennals<\/span><span data-contrast=\"none\"> 2021 sera remis <\/span><span data-contrast=\"none\">\u00e0 l\u2019<\/span><span data-contrast=\"none\">un-e<\/span><span data-contrast=\"none\"> des trois finalistes<\/span><span data-contrast=\"none\"> le 11 f\u00e9vrier 2021 lors d&rsquo;une <a href=\"https:\/\/www.martinennalsaward.org\/fr\/2021-edition\/\" target=\"_blank\" rel=\"noopener\">c\u00e9r\u00e9monie en ligne <\/a><\/span><span data-contrast=\"none\">co<\/span><span data-contrast=\"none\">-organis\u00e9e par la <a href=\"https:\/\/www.geneve.ch\/en\/themes\/international-geneva\/solidarite-internationale\/martin-ennals-award\" target=\"_blank\" rel=\"noopener\">Ville de Gen\u00e8ve<\/a> (Suisse<\/span><span data-contrast=\"none\">)<\/span><span data-contrast=\"none\"> qui soutient le prix depuis <\/span><span data-contrast=\"none\">de nombreuses ann\u00e9es<\/span><span data-contrast=\"none\">. <\/span><span data-contrast=\"none\">\u00ab\u202f<\/span><em>La Ville de Gen\u00e8ve r\u00e9affirme son soutien en faveur des droits humains, tout particuli\u00e8rement en ces temps de crises et de bouleversements. Les droits humains sont le fondement de notre soci\u00e9t\u00e9 et pas m\u00eame la pand\u00e9mie ne nous emp\u00eachera de rendre hommage \u00e0 ces personnes courageuses qui ont tant sacrifi\u00e9<\/em><span data-contrast=\"none\">\u202f\u00bb<\/span><span data-contrast=\"none\">, d\u00e9clare le <\/span><span data-contrast=\"none\">Conseiller administratif<\/span> <b><span data-contrast=\"none\">Alfonso Gomez<\/span><\/b><span data-contrast=\"none\">.<\/span><span data-ccp-props=\"{&quot;335551550&quot;:6,&quot;335551620&quot;:6}\">\u00a0<\/span><\/p>\n<p>&nbsp;<\/p>\n<h3>Contact<\/h3>\n<div>\n<p>Chlo\u00e9 Bitton<br \/>\nCommunications Manager<br \/>\nMartin Ennals Foundation<br \/>\n<a href=\"mailto:cbitton@martinennalsaward.org\" target=\"_blank\" rel=\"noopener\" data-cke-saved-href=\"mailto:cbitton@martinennalsaward.org\">cbitton@martinennalsaward.org<\/a><br \/>\n<a href=\"http:\/\/media@martinennalsaward.org\" target=\"_blank\" rel=\"noopener\" data-cke-saved-href=\"http:\/\/media@martinennalsaward.org\">media@martinennalsaward.org<\/a><br \/>\nOffice: +41.22.809.49.25<br \/>\nMobile: +41.78.734.68.79<\/p>\n<p>Media focal point for Loujain AlHathloul<br \/>\nUma Mishra-Newberry<br \/>\n<a class=\"Hyperlink SCXW216854402 BCX4\" href=\"mailto:FreeLoujain@gmail.com\" target=\"_blank\" rel=\"noreferrer noopener\"><span class=\"TextRun Underlined SCXW216854402 BCX4\" lang=\"EN-GB\" xml:lang=\"EN-GB\" data-contrast=\"auto\"><span class=\"NormalTextRun SCXW216854402 BCX4\" data-ccp-charstyle=\"Hyperlink\">FreeLoujain@gmail.com<\/span><\/span><\/a><span class=\"TextRun Underlined SCXW216854402 BCX4\" lang=\"EN-GB\" xml:lang=\"EN-GB\" data-contrast=\"auto\"><span class=\"NormalTextRun SCXW216854402 BCX4\" data-ccp-charstyle=\"Hyperlink\">\u202f<\/span><\/span><span class=\"EOP SCXW216854402 BCX4\" data-ccp-props=\"{&quot;335551550&quot;:6,&quot;335551620&quot;:6}\">\u00a0<\/span><br \/>\n<a href=\"https:\/\/www.loujainalhathloul.org\" target=\"_blank\" rel=\"noopener\">https:\/\/www.loujainalhathloul.org<\/a><br \/>\n+41.78.335.25.40 (on signal)<\/p>\n<p>&nbsp;<\/p>\n<\/div>\n<h3>Communiqu\u00e9s de presse<\/h3>\n<p><a href=\"https:\/\/drive.google.com\/file\/d\/1McdC7bpEz6MHpIUQ8NoOC6TVjUsY_mDc\/view?usp=sharing\" target=\"_blank\" rel=\"noopener\">Press release (English)<\/a><\/p>\n<p><a href=\"https:\/\/drive.google.com\/file\/d\/1a4kBxwIPlcmbNJNhOjnW0FUPEqxn03V1\/view?usp=sharing\" target=\"_blank\" rel=\"noopener\">Press release (French)<\/a><\/p>\n<p><a href=\"https:\/\/drive.google.com\/file\/d\/1SAby4sx7sBd6bm3TdJe94Wg_V8hqVhOv\/view?usp=sharing\" target=\"_blank\" rel=\"noopener\">Press release (Chinese)<\/a><\/p>\n<p><a href=\"https:\/\/drive.google.com\/file\/d\/1ZEQckBy2sg9y2IXc9euZ3raC0Ax3comW\/view?usp=sharing\" target=\"_blank\" rel=\"noopener\">Press release (Russian)<\/a><\/p>\n<p><a href=\"https:\/\/drive.google.com\/file\/d\/1N3A3aEnDzUkmt_TC2j3Zpk0IclbQAMLk\/view?usp=sharing\" target=\"_blank\" rel=\"noopener\">Press release (Arabic)<\/a><\/p>\n","protected":false},"excerpt":{"rendered":"<p>Trois \u00e9minent-e-s d\u00e9fenseur-euse-s des droits humains qui m\u00e8nent leur combat pour les libert\u00e9s dans des \u00c9tats autoritaires sont les finalistes du Prix Martin Ennals pour les d\u00e9fenseur-euse-s des droits humains 2021. Au Turkm\u00e9nistan, l\u2019un des pays les plus isol\u00e9s au monde, Soltan Achilova documente les violations des droits humains par le biais du photojournalisme. Loujain<a class=\"read-more\" href=\"https:\/\/www.martinennalsaward.org\/fr\/les-finalistes-du-prix-martin-ennals-2021-mettent-en-lumiere-les-abus-de-regimes-autoritaires\/\">Read More&#8230;<\/a><\/p>\n","protected":false},"author":9,"featured_media":5033,"comment_status":"open","ping_status":"open","sticky":false,"template":"","format":"standard","meta":{"_acf_changed":false,"footnotes":""},"categories":[237],"tags":[279,215,278,262,277,276],"news_section":[343],"class_list":["post-4969","post","type-post","status-publish","format-standard","has-post-thumbnail","hentry","category-actualites","tag-annonce-finalistes-2021","tag-communique-de-presse","tag-loujain-alhathloul","tag-prix-martin-ennals-2021","tag-soltan-achilova","tag-yu-wensheng","news_section-news"],"acf":[],"yoast_head":"<!-- This site is optimized with the Yoast SEO plugin v24.1 - https:\/\/yoast.com\/wordpress\/plugins\/seo\/ -->\n<title>Les finalistes du Prix Martin Ennals 2021 mettent en lumi\u00e8re les abus de r\u00e9gimes autoritaires\u00a0 - Martin Ennals Award<\/title>\n<meta name=\"description\" content=\"Trois \u00e9minent-e-s d\u00e9fenseur-euse-s des droits humains qui m\u00e8nent leur combat pour les libert\u00e9s dans des \u00c9tats autoritaires sont les finalistes du Prix Martin Ennals 2021.\" \/>\n<meta name=\"robots\" content=\"index, follow, max-snippet:-1, max-image-preview:large, max-video-preview:-1\" \/>\n<link rel=\"canonical\" href=\"https:\/\/www.martinennalsaward.org\/fr\/les-finalistes-du-prix-martin-ennals-2021-mettent-en-lumiere-les-abus-de-regimes-autoritaires\/\" \/>\n<meta property=\"og:locale\" content=\"fr_FR\" \/>\n<meta property=\"og:type\" content=\"article\" \/>\n<meta property=\"og:title\" content=\"Les finalistes du Prix Martin Ennals 2021 mettent en lumi\u00e8re les abus de r\u00e9gimes autoritaires\u00a0 - Martin Ennals Award\" \/>\n<meta property=\"og:description\" content=\"Trois \u00e9minent-e-s d\u00e9fenseur-euse-s des droits humains qui m\u00e8nent leur combat pour les libert\u00e9s dans des \u00c9tats autoritaires sont les finalistes du Prix Martin Ennals 2021.\" \/>\n<meta property=\"og:url\" content=\"https:\/\/www.martinennalsaward.org\/fr\/les-finalistes-du-prix-martin-ennals-2021-mettent-en-lumiere-les-abus-de-regimes-autoritaires\/\" \/>\n<meta property=\"og:site_name\" content=\"Martin Ennals Award\" \/>\n<meta property=\"article:published_time\" content=\"2021-01-18T12:47:02+00:00\" \/>\n<meta property=\"article:modified_time\" content=\"2021-09-01T13:45:14+00:00\" \/>\n<meta property=\"og:image\" content=\"https:\/\/www.martinennalsaward.org\/wp-content\/uploads\/2021\/01\/mea-2021-facebook-event-1820x460-fr1.jpg\" \/>\n\t<meta property=\"og:image:width\" content=\"821\" \/>\n\t<meta property=\"og:image:height\" content=\"463\" \/>\n\t<meta property=\"og:image:type\" content=\"image\/jpeg\" \/>\n<meta name=\"author\" content=\"Media MEA\" \/>\n<meta name=\"twitter:card\" content=\"summary_large_image\" \/>\n<meta name=\"twitter:label1\" content=\"\u00c9crit par\" \/>\n\t<meta name=\"twitter:data1\" content=\"Media MEA\" \/>\n\t<meta name=\"twitter:label2\" content=\"Dur\u00e9e de lecture estim\u00e9e\" \/>\n\t<meta name=\"twitter:data2\" content=\"4 minutes\" \/>\n<script type=\"application\/ld+json\" class=\"yoast-schema-graph\">{\"@context\":\"https:\/\/schema.org\",\"@graph\":[{\"@type\":\"WebPage\",\"@id\":\"https:\/\/www.martinennalsaward.org\/fr\/les-finalistes-du-prix-martin-ennals-2021-mettent-en-lumiere-les-abus-de-regimes-autoritaires\/\",\"url\":\"https:\/\/www.martinennalsaward.org\/fr\/les-finalistes-du-prix-martin-ennals-2021-mettent-en-lumiere-les-abus-de-regimes-autoritaires\/\",\"name\":\"Les finalistes du Prix Martin Ennals 2021 mettent en lumi\u00e8re les abus de r\u00e9gimes autoritaires\u00a0 - Martin Ennals Award\",\"isPartOf\":{\"@id\":\"https:\/\/www.martinennalsaward.org\/#website\"},\"primaryImageOfPage\":{\"@id\":\"https:\/\/www.martinennalsaward.org\/fr\/les-finalistes-du-prix-martin-ennals-2021-mettent-en-lumiere-les-abus-de-regimes-autoritaires\/#primaryimage\"},\"image\":{\"@id\":\"https:\/\/www.martinennalsaward.org\/fr\/les-finalistes-du-prix-martin-ennals-2021-mettent-en-lumiere-les-abus-de-regimes-autoritaires\/#primaryimage\"},\"thumbnailUrl\":\"https:\/\/www.martinennalsaward.org\/wp-content\/uploads\/2021\/01\/mea-2021-facebook-event-1820x460-fr1.jpg\",\"datePublished\":\"2021-01-18T12:47:02+00:00\",\"dateModified\":\"2021-09-01T13:45:14+00:00\",\"author\":{\"@id\":\"https:\/\/www.martinennalsaward.org\/#\/schema\/person\/e5b5e129cdd55c19f6492f506c7aae2b\"},\"description\":\"Trois \u00e9minent-e-s d\u00e9fenseur-euse-s des droits humains qui m\u00e8nent leur combat pour les libert\u00e9s dans des \u00c9tats autoritaires sont les finalistes du Prix Martin Ennals 2021.\",\"breadcrumb\":{\"@id\":\"https:\/\/www.martinennalsaward.org\/fr\/les-finalistes-du-prix-martin-ennals-2021-mettent-en-lumiere-les-abus-de-regimes-autoritaires\/#breadcrumb\"},\"inLanguage\":\"fr-FR\",\"potentialAction\":[{\"@type\":\"ReadAction\",\"target\":[\"https:\/\/www.martinennalsaward.org\/fr\/les-finalistes-du-prix-martin-ennals-2021-mettent-en-lumiere-les-abus-de-regimes-autoritaires\/\"]}]},{\"@type\":\"ImageObject\",\"inLanguage\":\"fr-FR\",\"@id\":\"https:\/\/www.martinennalsaward.org\/fr\/les-finalistes-du-prix-martin-ennals-2021-mettent-en-lumiere-les-abus-de-regimes-autoritaires\/#primaryimage\",\"url\":\"https:\/\/www.martinennalsaward.org\/wp-content\/uploads\/2021\/01\/mea-2021-facebook-event-1820x460-fr1.jpg\",\"contentUrl\":\"https:\/\/www.martinennalsaward.org\/wp-content\/uploads\/2021\/01\/mea-2021-facebook-event-1820x460-fr1.jpg\",\"width\":821,\"height\":463},{\"@type\":\"BreadcrumbList\",\"@id\":\"https:\/\/www.martinennalsaward.org\/fr\/les-finalistes-du-prix-martin-ennals-2021-mettent-en-lumiere-les-abus-de-regimes-autoritaires\/#breadcrumb\",\"itemListElement\":[{\"@type\":\"ListItem\",\"position\":1,\"name\":\"Home\",\"item\":\"https:\/\/www.martinennalsaward.org\/\"},{\"@type\":\"ListItem\",\"position\":2,\"name\":\"Les finalistes du Prix Martin Ennals 2021 mettent en lumi\u00e8re les abus de r\u00e9gimes autoritaires\u00a0\"}]},{\"@type\":\"WebSite\",\"@id\":\"https:\/\/www.martinennalsaward.org\/#website\",\"url\":\"https:\/\/www.martinennalsaward.org\/\",\"name\":\"Martin Ennals Award\",\"description\":\"For Human Rights Defenders\",\"potentialAction\":[{\"@type\":\"SearchAction\",\"target\":{\"@type\":\"EntryPoint\",\"urlTemplate\":\"https:\/\/www.martinennalsaward.org\/?s={search_term_string}\"},\"query-input\":{\"@type\":\"PropertyValueSpecification\",\"valueRequired\":true,\"valueName\":\"search_term_string\"}}],\"inLanguage\":\"fr-FR\"},{\"@type\":\"Person\",\"@id\":\"https:\/\/www.martinennalsaward.org\/#\/schema\/person\/e5b5e129cdd55c19f6492f506c7aae2b\",\"name\":\"Media MEA\",\"image\":{\"@type\":\"ImageObject\",\"inLanguage\":\"fr-FR\",\"@id\":\"https:\/\/www.martinennalsaward.org\/#\/schema\/person\/image\/\",\"url\":\"https:\/\/secure.gravatar.com\/avatar\/dddd036b53ffcc641447ce50b0f8dd31?s=96&d=mm&r=g\",\"contentUrl\":\"https:\/\/secure.gravatar.com\/avatar\/dddd036b53ffcc641447ce50b0f8dd31?s=96&d=mm&r=g\",\"caption\":\"Media MEA\"},\"sameAs\":[\"http:\/\/www.martinennalsaward.org\",\"media@martinennalsaward.org\"],\"url\":\"https:\/\/www.martinennalsaward.org\/fr\/author\/mea-media\/\"}]}<\/script>\n<!-- \/ Yoast SEO plugin. -->","yoast_head_json":{"title":"Les finalistes du Prix Martin Ennals 2021 mettent en lumi\u00e8re les abus de r\u00e9gimes autoritaires\u00a0 - Martin Ennals Award","description":"Trois \u00e9minent-e-s d\u00e9fenseur-euse-s des droits humains qui m\u00e8nent leur combat pour les libert\u00e9s dans des \u00c9tats autoritaires sont les finalistes du Prix Martin Ennals 2021.","robots":{"index":"index","follow":"follow","max-snippet":"max-snippet:-1","max-image-preview":"max-image-preview:large","max-video-preview":"max-video-preview:-1"},"canonical":"https:\/\/www.martinennalsaward.org\/fr\/les-finalistes-du-prix-martin-ennals-2021-mettent-en-lumiere-les-abus-de-regimes-autoritaires\/","og_locale":"fr_FR","og_type":"article","og_title":"Les finalistes du Prix Martin Ennals 2021 mettent en lumi\u00e8re les abus de r\u00e9gimes autoritaires\u00a0 - Martin Ennals Award","og_description":"Trois \u00e9minent-e-s d\u00e9fenseur-euse-s des droits humains qui m\u00e8nent leur combat pour les libert\u00e9s dans des \u00c9tats autoritaires sont les finalistes du Prix Martin Ennals 2021.","og_url":"https:\/\/www.martinennalsaward.org\/fr\/les-finalistes-du-prix-martin-ennals-2021-mettent-en-lumiere-les-abus-de-regimes-autoritaires\/","og_site_name":"Martin Ennals Award","article_published_time":"2021-01-18T12:47:02+00:00","article_modified_time":"2021-09-01T13:45:14+00:00","og_image":[{"width":821,"height":463,"url":"https:\/\/www.martinennalsaward.org\/wp-content\/uploads\/2021\/01\/mea-2021-facebook-event-1820x460-fr1.jpg","type":"image\/jpeg"}],"author":"Media MEA","twitter_card":"summary_large_image","twitter_misc":{"\u00c9crit par":"Media MEA","Dur\u00e9e de lecture estim\u00e9e":"4 minutes"},"schema":{"@context":"https:\/\/schema.org","@graph":[{"@type":"WebPage","@id":"https:\/\/www.martinennalsaward.org\/fr\/les-finalistes-du-prix-martin-ennals-2021-mettent-en-lumiere-les-abus-de-regimes-autoritaires\/","url":"https:\/\/www.martinennalsaward.org\/fr\/les-finalistes-du-prix-martin-ennals-2021-mettent-en-lumiere-les-abus-de-regimes-autoritaires\/","name":"Les finalistes du Prix Martin Ennals 2021 mettent en lumi\u00e8re les abus de r\u00e9gimes autoritaires\u00a0 - Martin Ennals Award","isPartOf":{"@id":"https:\/\/www.martinennalsaward.org\/#website"},"primaryImageOfPage":{"@id":"https:\/\/www.martinennalsaward.org\/fr\/les-finalistes-du-prix-martin-ennals-2021-mettent-en-lumiere-les-abus-de-regimes-autoritaires\/#primaryimage"},"image":{"@id":"https:\/\/www.martinennalsaward.org\/fr\/les-finalistes-du-prix-martin-ennals-2021-mettent-en-lumiere-les-abus-de-regimes-autoritaires\/#primaryimage"},"thumbnailUrl":"https:\/\/www.martinennalsaward.org\/wp-content\/uploads\/2021\/01\/mea-2021-facebook-event-1820x460-fr1.jpg","datePublished":"2021-01-18T12:47:02+00:00","dateModified":"2021-09-01T13:45:14+00:00","author":{"@id":"https:\/\/www.martinennalsaward.org\/#\/schema\/person\/e5b5e129cdd55c19f6492f506c7aae2b"},"description":"Trois \u00e9minent-e-s d\u00e9fenseur-euse-s des droits humains qui m\u00e8nent leur combat pour les libert\u00e9s dans des \u00c9tats autoritaires sont les finalistes du Prix Martin Ennals 2021.","breadcrumb":{"@id":"https:\/\/www.martinennalsaward.org\/fr\/les-finalistes-du-prix-martin-ennals-2021-mettent-en-lumiere-les-abus-de-regimes-autoritaires\/#breadcrumb"},"inLanguage":"fr-FR","potentialAction":[{"@type":"ReadAction","target":["https:\/\/www.martinennalsaward.org\/fr\/les-finalistes-du-prix-martin-ennals-2021-mettent-en-lumiere-les-abus-de-regimes-autoritaires\/"]}]},{"@type":"ImageObject","inLanguage":"fr-FR","@id":"https:\/\/www.martinennalsaward.org\/fr\/les-finalistes-du-prix-martin-ennals-2021-mettent-en-lumiere-les-abus-de-regimes-autoritaires\/#primaryimage","url":"https:\/\/www.martinennalsaward.org\/wp-content\/uploads\/2021\/01\/mea-2021-facebook-event-1820x460-fr1.jpg","contentUrl":"https:\/\/www.martinennalsaward.org\/wp-content\/uploads\/2021\/01\/mea-2021-facebook-event-1820x460-fr1.jpg","width":821,"height":463},{"@type":"BreadcrumbList","@id":"https:\/\/www.martinennalsaward.org\/fr\/les-finalistes-du-prix-martin-ennals-2021-mettent-en-lumiere-les-abus-de-regimes-autoritaires\/#breadcrumb","itemListElement":[{"@type":"ListItem","position":1,"name":"Home","item":"https:\/\/www.martinennalsaward.org\/"},{"@type":"ListItem","position":2,"name":"Les finalistes du Prix Martin Ennals 2021 mettent en lumi\u00e8re les abus de r\u00e9gimes autoritaires\u00a0"}]},{"@type":"WebSite","@id":"https:\/\/www.martinennalsaward.org\/#website","url":"https:\/\/www.martinennalsaward.org\/","name":"Martin Ennals Award","description":"For Human Rights Defenders","potentialAction":[{"@type":"SearchAction","target":{"@type":"EntryPoint","urlTemplate":"https:\/\/www.martinennalsaward.org\/?s={search_term_string}"},"query-input":{"@type":"PropertyValueSpecification","valueRequired":true,"valueName":"search_term_string"}}],"inLanguage":"fr-FR"},{"@type":"Person","@id":"https:\/\/www.martinennalsaward.org\/#\/schema\/person\/e5b5e129cdd55c19f6492f506c7aae2b","name":"Media MEA","image":{"@type":"ImageObject","inLanguage":"fr-FR","@id":"https:\/\/www.martinennalsaward.org\/#\/schema\/person\/image\/","url":"https:\/\/secure.gravatar.com\/avatar\/dddd036b53ffcc641447ce50b0f8dd31?s=96&d=mm&r=g","contentUrl":"https:\/\/secure.gravatar.com\/avatar\/dddd036b53ffcc641447ce50b0f8dd31?s=96&d=mm&r=g","caption":"Media MEA"},"sameAs":["http:\/\/www.martinennalsaward.org","media@martinennalsaward.org"],"url":"https:\/\/www.martinennalsaward.org\/fr\/author\/mea-media\/"}]}},"_links":{"self":[{"href":"https:\/\/www.martinennalsaward.org\/fr\/wp-json\/wp\/v2\/posts\/4969"}],"collection":[{"href":"https:\/\/www.martinennalsaward.org\/fr\/wp-json\/wp\/v2\/posts"}],"about":[{"href":"https:\/\/www.martinennalsaward.org\/fr\/wp-json\/wp\/v2\/types\/post"}],"author":[{"embeddable":true,"href":"https:\/\/www.martinennalsaward.org\/fr\/wp-json\/wp\/v2\/users\/9"}],"replies":[{"embeddable":true,"href":"https:\/\/www.martinennalsaward.org\/fr\/wp-json\/wp\/v2\/comments?post=4969"}],"version-history":[{"count":0,"href":"https:\/\/www.martinennalsaward.org\/fr\/wp-json\/wp\/v2\/posts\/4969\/revisions"}],"wp:featuredmedia":[{"embeddable":true,"href":"https:\/\/www.martinennalsaward.org\/fr\/wp-json\/wp\/v2\/media\/5033"}],"wp:attachment":[{"href":"https:\/\/www.martinennalsaward.org\/fr\/wp-json\/wp\/v2\/media?parent=4969"}],"wp:term":[{"taxonomy":"category","embeddable":true,"href":"https:\/\/www.martinennalsaward.org\/fr\/wp-json\/wp\/v2\/categories?post=4969"},{"taxonomy":"post_tag","embeddable":true,"href":"https:\/\/www.martinennalsaward.org\/fr\/wp-json\/wp\/v2\/tags?post=4969"},{"taxonomy":"news_section","embeddable":true,"href":"https:\/\/www.martinennalsaward.org\/fr\/wp-json\/wp\/v2\/news_section?post=4969"}],"curies":[{"name":"wp","href":"https:\/\/api.w.org\/{rel}","templated":true}]}}