{"id":1300,"date":"2011-10-10T21:11:03","date_gmt":"2011-10-10T21:11:03","guid":{"rendered":"https:\/\/www.martinennalsaward.org\/?p=1300&#038;lang=fr"},"modified":"2021-09-01T15:45:21","modified_gmt":"2021-09-01T13:45:21","slug":"une-defenseure-des-droits-humains-africaine-gay-recompensee-par-un-prix-des-droits-humains-international-geneve","status":"publish","type":"post","link":"https:\/\/www.martinennalsaward.org\/fr\/une-defenseure-des-droits-humains-africaine-gay-recompensee-par-un-prix-des-droits-humains-international-geneve\/","title":{"rendered":"Une d\u00e9fenseure des droits humains africaine gay r\u00e9compens\u00e9e par un prix des droits humains international \u00e0 Gen\u00e8ve"},"content":{"rendered":"<p class=\"p1\"><span class=\"s1\">Le Prix Martin Ennals pour les d\u00e9fenseurs des droits humains sera d\u00e9cern\u00e9 jeudi 13 octobre \u00e0 Kasha Jacqueline Nabagesera lors d\u2019une c\u00e9r\u00e9monie qui d\u00e9butera \u00e0 18h au Victoria Hall \u00e0 Gen\u00e8ve. Kasha est la vingti\u00e8me laur\u00e9ate de ce prestigieux prix. <\/span><\/p>\n<p class=\"p1\"><span class=\"s1\">Kasha Jacqueline Nabagesera est la fondatrice et pr\u00e9sidente de <i>Freedom and Roam Uganda<\/i>, une organisation de d\u00e9fense des droits des lesbiennes, gay, bisexuel(le)s et transcendes (LGBT). La situation de la communaut\u00e9 LGBT est extr\u00eamement difficile et dangereuse dans de nombreux pays comme l\u2019Ouganda o\u00f9 les membres de la communaut\u00e9 LGBT sont menac\u00e9s, emprisonn\u00e9s, attaqu\u00e9s et m\u00eame assassin\u00e9s sur le simple motif de leur orientation sexuelle. Le 26 janvier, l\u2019un de ses coll\u00e8gues, le militant gay David Kato, a \u00e9t\u00e9 assassin\u00e9 suite \u00e0 la publication d\u2019une \u201cliste d\u2019homosexuels\u201d par le tablo\u00efd ougandais Rolling Stone appelant \u00e0 leur pendaison. Le nom de Kasha Jacqueline apparait \u00e9galement sur cette liste. <\/span><span class=\"s1\">Kasha continue de trouver le courage d\u2019apparaitre dans des m\u00e9dias nationaux et internationaux au p\u00e9ril de sa vie. Le pr\u00e9sident du Prix Martin Ennals pour les d\u00e9fenseurs des droits humains a d\u00e9crit Kasha comme \u201cune femme exceptionnelle au courage rare qui lutte contre l\u2019homophobie malgr\u00e9 les menaces de mort.\u201d <\/span><\/p>\n<p class=\"p1\"><span class=\"s1\">Un film exclusif et percutant tourn\u00e9 en Ouganda sur le travail de la laur\u00e9ate sera projet\u00e9 lors de la c\u00e9r\u00e9monie qui durera une heure. Le Bureau du Haut-Commissaire aux droits de l\u2019homme des Nations Unies lui remettra le Prix. Cet \u00e9v\u00e9nement est co-organis\u00e9 avec la Ville de Gen\u00e8ve, capitale mondiale des droits humains et la Vice maire de la Ville de Gen\u00e8ve Sandrine Salerno conclura par un discours cette soir\u00e9e. <\/span><\/p>\n<p class=\"p1\"><span class=\"s1\">Le Prix Martin Ennals pour les d\u00e9fenseurs des droits humains (MEA) est une collaboration unique entre dix des plus grandes organisations de d\u00e9fense des droits humains visant \u00e0 prot\u00e9ger des d\u00e9fenseurs des droits humains \u00e0 travers le monde. Le Jury est compos\u00e9 des ONG suivantes: Amnesty International,\u00a0<\/span><span class=\"s1\">Human Rights Watch, Human Rights First, F\u00e9d\u00e9ration internationale des droits de l\u2019homme, Organisation mondiale contre la torture, Front Line Defenders, Commission internationale de juristes, German Diakonie, le\u00a0<\/span><span class=\"s1\">Service international pour les droits de l\u2019homme et HURIDOCS<\/span><\/p>\n<p class=\"p1\"><span class=\"s1\">Une conf\u00e9rence de presse aura lieu le 13 octobre 2011 \u00e0 11h au Palais Eynard \u00e0 Gen\u00e8ve. <\/span><\/p>\n<p class=\"p1\"><span class=\"s1\">Pour plus d\u2019informations, veuillez contacter Luis Marreiros, coordonateur du MEA <\/span><\/p>\n<p class=\"p1\"><span class=\"s1\">Tel. +41 22 809 4925, <a href=\"mailto:marreiros@martinennalsaward.org\"><span class=\"s2\">marreiros@martinennalsaward.org<\/span><\/a><\/span><\/p>\n<p class=\"p1\"><span class=\"s1\">Pour toute utilisation des images du film, veuillez contacter la fondation True Heroes: <a href=\"mailto:info@trueheroesfilms.org\"><span class=\"s2\">info@trueheroesfilms.org<\/span><\/a><\/span><\/p>\n","protected":false},"excerpt":{"rendered":"<p>Le Prix Martin Ennals pour les d\u00e9fenseurs des droits humains sera d\u00e9cern\u00e9 jeudi 13 octobre \u00e0 Kasha Jacqueline Nabagesera lors d\u2019une c\u00e9r\u00e9monie qui d\u00e9butera \u00e0 18h au Victoria Hall \u00e0 Gen\u00e8ve. Kasha est la vingti\u00e8me laur\u00e9ate de ce prestigieux prix. Kasha Jacqueline Nabagesera est la fondatrice et pr\u00e9sidente de Freedom and Roam Uganda, une organisation<a class=\"read-more\" href=\"https:\/\/www.martinennalsaward.org\/fr\/une-defenseure-des-droits-humains-africaine-gay-recompensee-par-un-prix-des-droits-humains-international-geneve\/\">Read More&#8230;<\/a><\/p>\n","protected":false},"author":11,"featured_media":6916,"comment_status":"open","ping_status":"open","sticky":false,"template":"","format":"standard","meta":{"_acf_changed":false,"footnotes":""},"categories":[2],"tags":[],"news_section":[343],"class_list":["post-1300","post","type-post","status-publish","format-standard","has-post-thumbnail","hentry","category-non-classifiee","news_section-news"],"acf":[],"yoast_head":"<!-- This site is optimized with the Yoast SEO plugin v24.1 - https:\/\/yoast.com\/wordpress\/plugins\/seo\/ -->\n<title>Une d\u00e9fenseure des droits humains africaine gay r\u00e9compens\u00e9e par un prix des droits humains international \u00e0 Gen\u00e8ve - Martin Ennals Award<\/title>\n<meta name=\"robots\" content=\"index, follow, max-snippet:-1, max-image-preview:large, max-video-preview:-1\" \/>\n<link rel=\"canonical\" href=\"https:\/\/www.martinennalsaward.org\/fr\/une-defenseure-des-droits-humains-africaine-gay-recompensee-par-un-prix-des-droits-humains-international-geneve\/\" \/>\n<meta property=\"og:locale\" content=\"fr_FR\" \/>\n<meta property=\"og:type\" content=\"article\" \/>\n<meta property=\"og:title\" content=\"Une d\u00e9fenseure des droits humains africaine gay r\u00e9compens\u00e9e par un prix des droits humains international \u00e0 Gen\u00e8ve - Martin Ennals Award\" \/>\n<meta property=\"og:description\" content=\"Le Prix Martin Ennals pour les d\u00e9fenseurs des droits humains sera d\u00e9cern\u00e9 jeudi 13 octobre \u00e0 Kasha Jacqueline Nabagesera lors d\u2019une c\u00e9r\u00e9monie qui d\u00e9butera \u00e0 18h au Victoria Hall \u00e0 Gen\u00e8ve. Kasha est la vingti\u00e8me laur\u00e9ate de ce prestigieux prix. Kasha Jacqueline Nabagesera est la fondatrice et pr\u00e9sidente de Freedom and Roam Uganda, une organisationRead More...\" \/>\n<meta property=\"og:url\" content=\"https:\/\/www.martinennalsaward.org\/fr\/une-defenseure-des-droits-humains-africaine-gay-recompensee-par-un-prix-des-droits-humains-international-geneve\/\" \/>\n<meta property=\"og:site_name\" content=\"Martin Ennals Award\" \/>\n<meta property=\"article:published_time\" content=\"2011-10-10T21:11:03+00:00\" \/>\n<meta property=\"article:modified_time\" content=\"2021-09-01T13:45:21+00:00\" \/>\n<meta property=\"og:image\" content=\"https:\/\/www.martinennalsaward.org\/wp-content\/uploads\/2016\/07\/KASHA_NABAGESERA_07-3.png\" \/>\n\t<meta property=\"og:image:width\" content=\"700\" \/>\n\t<meta property=\"og:image:height\" content=\"700\" \/>\n\t<meta property=\"og:image:type\" content=\"image\/png\" \/>\n<meta name=\"author\" content=\"Jonas\" \/>\n<meta name=\"twitter:card\" content=\"summary_large_image\" \/>\n<meta name=\"twitter:label1\" content=\"\u00c9crit par\" \/>\n\t<meta name=\"twitter:data1\" content=\"Jonas\" \/>\n\t<meta name=\"twitter:label2\" content=\"Dur\u00e9e de lecture estim\u00e9e\" \/>\n\t<meta name=\"twitter:data2\" content=\"2 minutes\" \/>\n<script type=\"application\/ld+json\" class=\"yoast-schema-graph\">{\"@context\":\"https:\/\/schema.org\",\"@graph\":[{\"@type\":\"WebPage\",\"@id\":\"https:\/\/www.martinennalsaward.org\/fr\/une-defenseure-des-droits-humains-africaine-gay-recompensee-par-un-prix-des-droits-humains-international-geneve\/\",\"url\":\"https:\/\/www.martinennalsaward.org\/fr\/une-defenseure-des-droits-humains-africaine-gay-recompensee-par-un-prix-des-droits-humains-international-geneve\/\",\"name\":\"Une d\u00e9fenseure des droits humains africaine gay r\u00e9compens\u00e9e par un prix des droits humains international \u00e0 Gen\u00e8ve - Martin Ennals Award\",\"isPartOf\":{\"@id\":\"https:\/\/www.martinennalsaward.org\/#website\"},\"primaryImageOfPage\":{\"@id\":\"https:\/\/www.martinennalsaward.org\/fr\/une-defenseure-des-droits-humains-africaine-gay-recompensee-par-un-prix-des-droits-humains-international-geneve\/#primaryimage\"},\"image\":{\"@id\":\"https:\/\/www.martinennalsaward.org\/fr\/une-defenseure-des-droits-humains-africaine-gay-recompensee-par-un-prix-des-droits-humains-international-geneve\/#primaryimage\"},\"thumbnailUrl\":\"https:\/\/www.martinennalsaward.org\/wp-content\/uploads\/2016\/07\/KASHA_NABAGESERA_07-3.png\",\"datePublished\":\"2011-10-10T21:11:03+00:00\",\"dateModified\":\"2021-09-01T13:45:21+00:00\",\"author\":{\"@id\":\"https:\/\/www.martinennalsaward.org\/#\/schema\/person\/8f1cd8c093a598b77487bcee05730950\"},\"breadcrumb\":{\"@id\":\"https:\/\/www.martinennalsaward.org\/fr\/une-defenseure-des-droits-humains-africaine-gay-recompensee-par-un-prix-des-droits-humains-international-geneve\/#breadcrumb\"},\"inLanguage\":\"fr-FR\",\"potentialAction\":[{\"@type\":\"ReadAction\",\"target\":[\"https:\/\/www.martinennalsaward.org\/fr\/une-defenseure-des-droits-humains-africaine-gay-recompensee-par-un-prix-des-droits-humains-international-geneve\/\"]}]},{\"@type\":\"ImageObject\",\"inLanguage\":\"fr-FR\",\"@id\":\"https:\/\/www.martinennalsaward.org\/fr\/une-defenseure-des-droits-humains-africaine-gay-recompensee-par-un-prix-des-droits-humains-international-geneve\/#primaryimage\",\"url\":\"https:\/\/www.martinennalsaward.org\/wp-content\/uploads\/2016\/07\/KASHA_NABAGESERA_07-3.png\",\"contentUrl\":\"https:\/\/www.martinennalsaward.org\/wp-content\/uploads\/2016\/07\/KASHA_NABAGESERA_07-3.png\",\"width\":700,\"height\":700},{\"@type\":\"BreadcrumbList\",\"@id\":\"https:\/\/www.martinennalsaward.org\/fr\/une-defenseure-des-droits-humains-africaine-gay-recompensee-par-un-prix-des-droits-humains-international-geneve\/#breadcrumb\",\"itemListElement\":[{\"@type\":\"ListItem\",\"position\":1,\"name\":\"Home\",\"item\":\"https:\/\/www.martinennalsaward.org\/\"},{\"@type\":\"ListItem\",\"position\":2,\"name\":\"Une d\u00e9fenseure des droits humains africaine gay r\u00e9compens\u00e9e par un prix des droits humains international \u00e0 Gen\u00e8ve\"}]},{\"@type\":\"WebSite\",\"@id\":\"https:\/\/www.martinennalsaward.org\/#website\",\"url\":\"https:\/\/www.martinennalsaward.org\/\",\"name\":\"Martin Ennals Award\",\"description\":\"For Human Rights Defenders\",\"potentialAction\":[{\"@type\":\"SearchAction\",\"target\":{\"@type\":\"EntryPoint\",\"urlTemplate\":\"https:\/\/www.martinennalsaward.org\/?s={search_term_string}\"},\"query-input\":{\"@type\":\"PropertyValueSpecification\",\"valueRequired\":true,\"valueName\":\"search_term_string\"}}],\"inLanguage\":\"fr-FR\"},{\"@type\":\"Person\",\"@id\":\"https:\/\/www.martinennalsaward.org\/#\/schema\/person\/8f1cd8c093a598b77487bcee05730950\",\"name\":\"Jonas\",\"image\":{\"@type\":\"ImageObject\",\"inLanguage\":\"fr-FR\",\"@id\":\"https:\/\/www.martinennalsaward.org\/#\/schema\/person\/image\/\",\"url\":\"https:\/\/secure.gravatar.com\/avatar\/8d0970cc7fcad0b602d4a863ef0daade?s=96&d=mm&r=g\",\"contentUrl\":\"https:\/\/secure.gravatar.com\/avatar\/8d0970cc7fcad0b602d4a863ef0daade?s=96&d=mm&r=g\",\"caption\":\"Jonas\"},\"url\":\"https:\/\/www.martinennalsaward.org\/fr\/author\/jonas\/\"}]}<\/script>\n<!-- \/ Yoast SEO plugin. -->","yoast_head_json":{"title":"Une d\u00e9fenseure des droits humains africaine gay r\u00e9compens\u00e9e par un prix des droits humains international \u00e0 Gen\u00e8ve - Martin Ennals Award","robots":{"index":"index","follow":"follow","max-snippet":"max-snippet:-1","max-image-preview":"max-image-preview:large","max-video-preview":"max-video-preview:-1"},"canonical":"https:\/\/www.martinennalsaward.org\/fr\/une-defenseure-des-droits-humains-africaine-gay-recompensee-par-un-prix-des-droits-humains-international-geneve\/","og_locale":"fr_FR","og_type":"article","og_title":"Une d\u00e9fenseure des droits humains africaine gay r\u00e9compens\u00e9e par un prix des droits humains international \u00e0 Gen\u00e8ve - Martin Ennals Award","og_description":"Le Prix Martin Ennals pour les d\u00e9fenseurs des droits humains sera d\u00e9cern\u00e9 jeudi 13 octobre \u00e0 Kasha Jacqueline Nabagesera lors d\u2019une c\u00e9r\u00e9monie qui d\u00e9butera \u00e0 18h au Victoria Hall \u00e0 Gen\u00e8ve. Kasha est la vingti\u00e8me laur\u00e9ate de ce prestigieux prix. Kasha Jacqueline Nabagesera est la fondatrice et pr\u00e9sidente de Freedom and Roam Uganda, une organisationRead More...","og_url":"https:\/\/www.martinennalsaward.org\/fr\/une-defenseure-des-droits-humains-africaine-gay-recompensee-par-un-prix-des-droits-humains-international-geneve\/","og_site_name":"Martin Ennals Award","article_published_time":"2011-10-10T21:11:03+00:00","article_modified_time":"2021-09-01T13:45:21+00:00","og_image":[{"width":700,"height":700,"url":"https:\/\/www.martinennalsaward.org\/wp-content\/uploads\/2016\/07\/KASHA_NABAGESERA_07-3.png","type":"image\/png"}],"author":"Jonas","twitter_card":"summary_large_image","twitter_misc":{"\u00c9crit par":"Jonas","Dur\u00e9e de lecture estim\u00e9e":"2 minutes"},"schema":{"@context":"https:\/\/schema.org","@graph":[{"@type":"WebPage","@id":"https:\/\/www.martinennalsaward.org\/fr\/une-defenseure-des-droits-humains-africaine-gay-recompensee-par-un-prix-des-droits-humains-international-geneve\/","url":"https:\/\/www.martinennalsaward.org\/fr\/une-defenseure-des-droits-humains-africaine-gay-recompensee-par-un-prix-des-droits-humains-international-geneve\/","name":"Une d\u00e9fenseure des droits humains africaine gay r\u00e9compens\u00e9e par un prix des droits humains international \u00e0 Gen\u00e8ve - Martin Ennals Award","isPartOf":{"@id":"https:\/\/www.martinennalsaward.org\/#website"},"primaryImageOfPage":{"@id":"https:\/\/www.martinennalsaward.org\/fr\/une-defenseure-des-droits-humains-africaine-gay-recompensee-par-un-prix-des-droits-humains-international-geneve\/#primaryimage"},"image":{"@id":"https:\/\/www.martinennalsaward.org\/fr\/une-defenseure-des-droits-humains-africaine-gay-recompensee-par-un-prix-des-droits-humains-international-geneve\/#primaryimage"},"thumbnailUrl":"https:\/\/www.martinennalsaward.org\/wp-content\/uploads\/2016\/07\/KASHA_NABAGESERA_07-3.png","datePublished":"2011-10-10T21:11:03+00:00","dateModified":"2021-09-01T13:45:21+00:00","author":{"@id":"https:\/\/www.martinennalsaward.org\/#\/schema\/person\/8f1cd8c093a598b77487bcee05730950"},"breadcrumb":{"@id":"https:\/\/www.martinennalsaward.org\/fr\/une-defenseure-des-droits-humains-africaine-gay-recompensee-par-un-prix-des-droits-humains-international-geneve\/#breadcrumb"},"inLanguage":"fr-FR","potentialAction":[{"@type":"ReadAction","target":["https:\/\/www.martinennalsaward.org\/fr\/une-defenseure-des-droits-humains-africaine-gay-recompensee-par-un-prix-des-droits-humains-international-geneve\/"]}]},{"@type":"ImageObject","inLanguage":"fr-FR","@id":"https:\/\/www.martinennalsaward.org\/fr\/une-defenseure-des-droits-humains-africaine-gay-recompensee-par-un-prix-des-droits-humains-international-geneve\/#primaryimage","url":"https:\/\/www.martinennalsaward.org\/wp-content\/uploads\/2016\/07\/KASHA_NABAGESERA_07-3.png","contentUrl":"https:\/\/www.martinennalsaward.org\/wp-content\/uploads\/2016\/07\/KASHA_NABAGESERA_07-3.png","width":700,"height":700},{"@type":"BreadcrumbList","@id":"https:\/\/www.martinennalsaward.org\/fr\/une-defenseure-des-droits-humains-africaine-gay-recompensee-par-un-prix-des-droits-humains-international-geneve\/#breadcrumb","itemListElement":[{"@type":"ListItem","position":1,"name":"Home","item":"https:\/\/www.martinennalsaward.org\/"},{"@type":"ListItem","position":2,"name":"Une d\u00e9fenseure des droits humains africaine gay r\u00e9compens\u00e9e par un prix des droits humains international \u00e0 Gen\u00e8ve"}]},{"@type":"WebSite","@id":"https:\/\/www.martinennalsaward.org\/#website","url":"https:\/\/www.martinennalsaward.org\/","name":"Martin Ennals Award","description":"For Human Rights Defenders","potentialAction":[{"@type":"SearchAction","target":{"@type":"EntryPoint","urlTemplate":"https:\/\/www.martinennalsaward.org\/?s={search_term_string}"},"query-input":{"@type":"PropertyValueSpecification","valueRequired":true,"valueName":"search_term_string"}}],"inLanguage":"fr-FR"},{"@type":"Person","@id":"https:\/\/www.martinennalsaward.org\/#\/schema\/person\/8f1cd8c093a598b77487bcee05730950","name":"Jonas","image":{"@type":"ImageObject","inLanguage":"fr-FR","@id":"https:\/\/www.martinennalsaward.org\/#\/schema\/person\/image\/","url":"https:\/\/secure.gravatar.com\/avatar\/8d0970cc7fcad0b602d4a863ef0daade?s=96&d=mm&r=g","contentUrl":"https:\/\/secure.gravatar.com\/avatar\/8d0970cc7fcad0b602d4a863ef0daade?s=96&d=mm&r=g","caption":"Jonas"},"url":"https:\/\/www.martinennalsaward.org\/fr\/author\/jonas\/"}]}},"_links":{"self":[{"href":"https:\/\/www.martinennalsaward.org\/fr\/wp-json\/wp\/v2\/posts\/1300"}],"collection":[{"href":"https:\/\/www.martinennalsaward.org\/fr\/wp-json\/wp\/v2\/posts"}],"about":[{"href":"https:\/\/www.martinennalsaward.org\/fr\/wp-json\/wp\/v2\/types\/post"}],"author":[{"embeddable":true,"href":"https:\/\/www.martinennalsaward.org\/fr\/wp-json\/wp\/v2\/users\/11"}],"replies":[{"embeddable":true,"href":"https:\/\/www.martinennalsaward.org\/fr\/wp-json\/wp\/v2\/comments?post=1300"}],"version-history":[{"count":0,"href":"https:\/\/www.martinennalsaward.org\/fr\/wp-json\/wp\/v2\/posts\/1300\/revisions"}],"wp:featuredmedia":[{"embeddable":true,"href":"https:\/\/www.martinennalsaward.org\/fr\/wp-json\/wp\/v2\/media\/6916"}],"wp:attachment":[{"href":"https:\/\/www.martinennalsaward.org\/fr\/wp-json\/wp\/v2\/media?parent=1300"}],"wp:term":[{"taxonomy":"category","embeddable":true,"href":"https:\/\/www.martinennalsaward.org\/fr\/wp-json\/wp\/v2\/categories?post=1300"},{"taxonomy":"post_tag","embeddable":true,"href":"https:\/\/www.martinennalsaward.org\/fr\/wp-json\/wp\/v2\/tags?post=1300"},{"taxonomy":"news_section","embeddable":true,"href":"https:\/\/www.martinennalsaward.org\/fr\/wp-json\/wp\/v2\/news_section?post=1300"}],"curies":[{"name":"wp","href":"https:\/\/api.w.org\/{rel}","templated":true}]}}