{"id":1281,"date":"2015-09-14T20:16:40","date_gmt":"2015-09-14T20:16:40","guid":{"rendered":"https:\/\/www.martinennalsaward.org\/?p=1281&#038;lang=fr"},"modified":"2021-09-01T15:45:18","modified_gmt":"2021-09-01T13:45:18","slug":"emirats-arabes-unis-le-jury-du-prix-martin-ennals-demande-la-levee-de-linterdiction-de-voyager-contre-ahmed-mansoor","status":"publish","type":"post","link":"https:\/\/www.martinennalsaward.org\/fr\/emirats-arabes-unis-le-jury-du-prix-martin-ennals-demande-la-levee-de-linterdiction-de-voyager-contre-ahmed-mansoor\/","title":{"rendered":"Emirats arabes unis: Le Jury du Prix Martin Ennals demande la lev\u00e9e de l\u2019interdiction de voyager contre Ahmed Mansoor"},"content":{"rendered":"<p class=\"p1\"><span class=\"s1\">Dix groupes de d\u00e9fense des droits humains qui repr\u00e9sentent le Jury du Prix Martin Ennals ont demand\u00e9 aux Emirats arabes unies (EAU) de lever l\u2019interdiction de voyager contre <a href=\"https:\/\/www.martinennalsaward.org\/hrd\/ahmed-mansoor\/?lang=fr\">Ahmed Mansoor<\/a>, l\u2019un des trois d\u00e9fenseurs des droits humains nomin\u00e9s pour le Prix 2015 et de lui d\u00e9livrer un passeport. <\/span><\/p>\n<p class=\"p1\"><span class=\"s1\">Largement respect\u00e9 comme \u00e9tant l\u2019une des rares voix des EAU \u00e0 fournir une \u00e9valuation ind\u00e9pendante de la situation des droits humains dans le pays, Ahmed Mansoor d\u00e9nonce r\u00e9guli\u00e8rement des cas de d\u00e9tention arbitraire, de torture, de traitement d\u00e9gradant ou encore le non-respect des normes internationales relatives \u00e0 un proc\u00e8s \u00e9quitable. Il attire aussi l\u2019attention sur d\u2019autres abus des droits humains, notamment ceux commis contre les travailleurs migrants. <\/span><\/p>\n<p class=\"p1\"><span class=\"s1\">En raison de son combat pour les droits humains, Ahmed Mansoor a \u00e9t\u00e9 victime de mesures d\u2019intimidation, de harc\u00e8lement, de menaces de mort de mani\u00e8re r\u00e9p\u00e9t\u00e9e de la part des autorit\u00e9s \u00e9miraties ou de leurs partisans. En 2011, il a notamment \u00e9t\u00e9 arr\u00eat\u00e9 et d\u00e9tenu apr\u00e8s un proc\u00e8s in\u00e9quitable. Mansoor et quatre autres militants ayant appel\u00e9 au respect des droits et la d\u00e9mocratie aux EAU ont \u00e9t\u00e9 emprisonn\u00e9s en 2011 pour avoir \u201cinsult\u00e9 les autorit\u00e9s\u201d. Bien qu\u2019il ait \u00e9t\u00e9 graci\u00e9 et lib\u00e9r\u00e9 un peu plus tard la m\u00eame ann\u00e9e, Ahmed Mansoor a \u00e9t\u00e9 interdit de voyage et son passeport a \u00e9t\u00e9 confisqu\u00e9. <\/span><\/p>\n<p class=\"p1\"><span class=\"s1\">C\u2019est en raison de son combat courageux qu\u2019Ahmed Mansoor a \u00e9t\u00e9 s\u00e9lectionn\u00e9 comme l\u2019un des trois finalistes du Prix Martin Ennals qui sera d\u00e9cern\u00e9 lors d\u2019une c\u00e9r\u00e9monie organis\u00e9e par la Ville de Gen\u00e8ve le 6 octobre. Il est d\u2019usage que ce soit le Haut Commissaire aux droits de l\u2019homme des Nations Unies qui remette le Prix au laur\u00e9at.\u00a0<\/span><\/p>\n<p class=\"p2\"><span class=\"s1\">Dans la situation actuelle, Ahmed Mansoor ne pourra pas assister \u00e0 la c\u00e9r\u00e9monie \u00e0 Gen\u00e8ve car les autorit\u00e9s des EAU lui ont arbitrairement impos\u00e9 une interdiction de voyager et ont refus\u00e9 de lui rendre son passeport qu\u2019elles lui ont confisqu\u00e9 depuis 2011. L\u2019interdiction de voyage et la confiscation du passeport constituent une violation du droit d\u2019Ahmed Mansoor \u00e0 la libert\u00e9 de circulation garanti par le droit international des droits de l\u2019homme: ces mesures constituent clairement des repr\u00e9sailles contre son militantisme pacifique des droits humains. <\/span><\/p>\n<p class=\"p1\"><span class=\"s1\">Le Jury du Prix Martin Ennals a not\u00e9 avec pr\u00e9occupation: \u201cL\u2019absence d\u2019Ahmed Mansoor \u00e0 la c\u00e9r\u00e9monie constituerait un choix tr\u00e8s d\u00e9cevant de la part des EAU, pays qui se targue d\u2019\u00eatre un centre d\u2019affaires international et l\u2019un des p\u00f4les d\u2019attraction touristique au Moyen-Orient mais aussi un refuge dans la r\u00e9gion. En tant que membre du Conseil des droits de l\u2019homme de l\u2019ONU qui se pr\u00e9sente pour un second mandat, nous attendons des autorit\u00e9s des EAU qu\u2019elles honorent leurs obligations en terme de respect des droits humains et de protection des d\u00e9fenseurs des droits humains. Le gouvernement des EAU doit traduire la rh\u00e9torique qu\u2019il emploie sur la sc\u00e8ne internationale en actions significatives dans le pays. Aussi, il devrait commencer par lever imm\u00e9diatement l\u2019interdiction de voyage contre Ahmed Mansoor, lui retourner et lui renouveler son passeport et l\u2019autoriser \u00e0 se rendre \u00e0 Gen\u00e8ve pour la c\u00e9r\u00e9monie.\u201d<\/span><\/p>\n<p class=\"p1\"><span class=\"s1\">Ahmed Mansoor est membre du Comit\u00e9 consultatif de la division Moyen-Orient Afrique du Nord de Human Rights Watch et du Comit\u00e9 consultatif du Centre du Golfe pour les droits de l\u2019homme. <\/span><\/p>\n<p class=\"p1\"><span class=\"s1\"><span style=\"text-decoration: underline;\">Le Jury du Prix Martin Ennals:<\/span> <\/span><\/p>\n<p>&#8211; Amnesty International<\/p>\n<p>&#8211; FIDH<\/p>\n<p>&#8211; Human Rights First<\/p>\n<p>&#8211; HURIDOCS<\/p>\n<p>&#8211;<span class=\"s1\">Service international pour les droits de l\u2019homme<\/span><\/p>\n<p>&#8211;<span class=\"s1\">Service protestant de d\u00e9veloppement (Werk f\u00fcr Diakonie und Entwicklung), Allemagne<\/span><\/p>\n<p>&#8211; Front Line Defenders<\/p>\n<p>&#8211; Human Rights Watch<\/p>\n<p>&#8211;<span class=\"s1\">Commission internationale de juristes<\/span><\/p>\n<p>&#8211;<span class=\"s1\">Organisation mondiale contre la torture (OMCT)<\/span><\/p>\n<p>Pour obtenir plus d\u2019informations, veuillez contacter: Michael Khambatta +41 79 474 8208<\/p>\n<p class=\"p1\"><a href=\"mailto:khambatta@martinennalsaward\">khambatta@martinennalsaward<\/a><\/p>\n","protected":false},"excerpt":{"rendered":"<p>Dix groupes de d\u00e9fense des droits humains qui repr\u00e9sentent le Jury du Prix Martin Ennals ont demand\u00e9 aux Emirats arabes unies (EAU) de lever l\u2019interdiction de voyager contre Ahmed Mansoor, l\u2019un des trois d\u00e9fenseurs des droits humains nomin\u00e9s pour le Prix 2015 et de lui d\u00e9livrer un passeport. Largement respect\u00e9 comme \u00e9tant l\u2019une des rares<a class=\"read-more\" href=\"https:\/\/www.martinennalsaward.org\/fr\/emirats-arabes-unis-le-jury-du-prix-martin-ennals-demande-la-levee-de-linterdiction-de-voyager-contre-ahmed-mansoor\/\">Read More&#8230;<\/a><\/p>\n","protected":false},"author":11,"featured_media":6905,"comment_status":"open","ping_status":"open","sticky":false,"template":"","format":"standard","meta":{"_acf_changed":false,"footnotes":""},"categories":[2],"tags":[],"news_section":[343],"class_list":["post-1281","post","type-post","status-publish","format-standard","has-post-thumbnail","hentry","category-non-classifiee","news_section-news"],"acf":[],"yoast_head":"<!-- This site is optimized with the Yoast SEO plugin v24.1 - https:\/\/yoast.com\/wordpress\/plugins\/seo\/ -->\n<title>Emirats arabes unis: Le Jury du Prix Martin Ennals demande la lev\u00e9e de l\u2019interdiction de voyager contre Ahmed Mansoor - Martin Ennals Award<\/title>\n<meta name=\"robots\" content=\"index, follow, max-snippet:-1, max-image-preview:large, max-video-preview:-1\" \/>\n<link rel=\"canonical\" href=\"https:\/\/www.martinennalsaward.org\/fr\/emirats-arabes-unis-le-jury-du-prix-martin-ennals-demande-la-levee-de-linterdiction-de-voyager-contre-ahmed-mansoor\/\" \/>\n<meta property=\"og:locale\" content=\"fr_FR\" \/>\n<meta property=\"og:type\" content=\"article\" \/>\n<meta property=\"og:title\" content=\"Emirats arabes unis: Le Jury du Prix Martin Ennals demande la lev\u00e9e de l\u2019interdiction de voyager contre Ahmed Mansoor - Martin Ennals Award\" \/>\n<meta property=\"og:description\" content=\"Dix groupes de d\u00e9fense des droits humains qui repr\u00e9sentent le Jury du Prix Martin Ennals ont demand\u00e9 aux Emirats arabes unies (EAU) de lever l\u2019interdiction de voyager contre Ahmed Mansoor, l\u2019un des trois d\u00e9fenseurs des droits humains nomin\u00e9s pour le Prix 2015 et de lui d\u00e9livrer un passeport. Largement respect\u00e9 comme \u00e9tant l\u2019une des raresRead More...\" \/>\n<meta property=\"og:url\" content=\"https:\/\/www.martinennalsaward.org\/fr\/emirats-arabes-unis-le-jury-du-prix-martin-ennals-demande-la-levee-de-linterdiction-de-voyager-contre-ahmed-mansoor\/\" \/>\n<meta property=\"og:site_name\" content=\"Martin Ennals Award\" \/>\n<meta property=\"article:published_time\" content=\"2015-09-14T20:16:40+00:00\" \/>\n<meta property=\"article:modified_time\" content=\"2021-09-01T13:45:18+00:00\" \/>\n<meta property=\"og:image\" content=\"https:\/\/www.martinennalsaward.org\/wp-content\/uploads\/2016\/07\/AHMED_MANSOOR_04-3.png\" \/>\n\t<meta property=\"og:image:width\" content=\"700\" \/>\n\t<meta property=\"og:image:height\" content=\"700\" \/>\n\t<meta property=\"og:image:type\" content=\"image\/png\" \/>\n<meta name=\"author\" content=\"Jonas\" \/>\n<meta name=\"twitter:card\" content=\"summary_large_image\" \/>\n<meta name=\"twitter:label1\" content=\"\u00c9crit par\" \/>\n\t<meta name=\"twitter:data1\" content=\"Jonas\" \/>\n\t<meta name=\"twitter:label2\" content=\"Dur\u00e9e de lecture estim\u00e9e\" \/>\n\t<meta name=\"twitter:data2\" content=\"3 minutes\" \/>\n<script type=\"application\/ld+json\" class=\"yoast-schema-graph\">{\"@context\":\"https:\/\/schema.org\",\"@graph\":[{\"@type\":\"WebPage\",\"@id\":\"https:\/\/www.martinennalsaward.org\/fr\/emirats-arabes-unis-le-jury-du-prix-martin-ennals-demande-la-levee-de-linterdiction-de-voyager-contre-ahmed-mansoor\/\",\"url\":\"https:\/\/www.martinennalsaward.org\/fr\/emirats-arabes-unis-le-jury-du-prix-martin-ennals-demande-la-levee-de-linterdiction-de-voyager-contre-ahmed-mansoor\/\",\"name\":\"Emirats arabes unis: Le Jury du Prix Martin Ennals demande la lev\u00e9e de l\u2019interdiction de voyager contre Ahmed Mansoor - Martin Ennals Award\",\"isPartOf\":{\"@id\":\"https:\/\/www.martinennalsaward.org\/#website\"},\"primaryImageOfPage\":{\"@id\":\"https:\/\/www.martinennalsaward.org\/fr\/emirats-arabes-unis-le-jury-du-prix-martin-ennals-demande-la-levee-de-linterdiction-de-voyager-contre-ahmed-mansoor\/#primaryimage\"},\"image\":{\"@id\":\"https:\/\/www.martinennalsaward.org\/fr\/emirats-arabes-unis-le-jury-du-prix-martin-ennals-demande-la-levee-de-linterdiction-de-voyager-contre-ahmed-mansoor\/#primaryimage\"},\"thumbnailUrl\":\"https:\/\/www.martinennalsaward.org\/wp-content\/uploads\/2016\/07\/AHMED_MANSOOR_04-3.png\",\"datePublished\":\"2015-09-14T20:16:40+00:00\",\"dateModified\":\"2021-09-01T13:45:18+00:00\",\"author\":{\"@id\":\"https:\/\/www.martinennalsaward.org\/#\/schema\/person\/8f1cd8c093a598b77487bcee05730950\"},\"breadcrumb\":{\"@id\":\"https:\/\/www.martinennalsaward.org\/fr\/emirats-arabes-unis-le-jury-du-prix-martin-ennals-demande-la-levee-de-linterdiction-de-voyager-contre-ahmed-mansoor\/#breadcrumb\"},\"inLanguage\":\"fr-FR\",\"potentialAction\":[{\"@type\":\"ReadAction\",\"target\":[\"https:\/\/www.martinennalsaward.org\/fr\/emirats-arabes-unis-le-jury-du-prix-martin-ennals-demande-la-levee-de-linterdiction-de-voyager-contre-ahmed-mansoor\/\"]}]},{\"@type\":\"ImageObject\",\"inLanguage\":\"fr-FR\",\"@id\":\"https:\/\/www.martinennalsaward.org\/fr\/emirats-arabes-unis-le-jury-du-prix-martin-ennals-demande-la-levee-de-linterdiction-de-voyager-contre-ahmed-mansoor\/#primaryimage\",\"url\":\"https:\/\/www.martinennalsaward.org\/wp-content\/uploads\/2016\/07\/AHMED_MANSOOR_04-3.png\",\"contentUrl\":\"https:\/\/www.martinennalsaward.org\/wp-content\/uploads\/2016\/07\/AHMED_MANSOOR_04-3.png\",\"width\":700,\"height\":700},{\"@type\":\"BreadcrumbList\",\"@id\":\"https:\/\/www.martinennalsaward.org\/fr\/emirats-arabes-unis-le-jury-du-prix-martin-ennals-demande-la-levee-de-linterdiction-de-voyager-contre-ahmed-mansoor\/#breadcrumb\",\"itemListElement\":[{\"@type\":\"ListItem\",\"position\":1,\"name\":\"Home\",\"item\":\"https:\/\/www.martinennalsaward.org\/\"},{\"@type\":\"ListItem\",\"position\":2,\"name\":\"Emirats arabes unis: Le Jury du Prix Martin Ennals demande la lev\u00e9e de l\u2019interdiction de voyager contre Ahmed Mansoor\"}]},{\"@type\":\"WebSite\",\"@id\":\"https:\/\/www.martinennalsaward.org\/#website\",\"url\":\"https:\/\/www.martinennalsaward.org\/\",\"name\":\"Martin Ennals Award\",\"description\":\"For Human Rights Defenders\",\"potentialAction\":[{\"@type\":\"SearchAction\",\"target\":{\"@type\":\"EntryPoint\",\"urlTemplate\":\"https:\/\/www.martinennalsaward.org\/?s={search_term_string}\"},\"query-input\":{\"@type\":\"PropertyValueSpecification\",\"valueRequired\":true,\"valueName\":\"search_term_string\"}}],\"inLanguage\":\"fr-FR\"},{\"@type\":\"Person\",\"@id\":\"https:\/\/www.martinennalsaward.org\/#\/schema\/person\/8f1cd8c093a598b77487bcee05730950\",\"name\":\"Jonas\",\"image\":{\"@type\":\"ImageObject\",\"inLanguage\":\"fr-FR\",\"@id\":\"https:\/\/www.martinennalsaward.org\/#\/schema\/person\/image\/\",\"url\":\"https:\/\/secure.gravatar.com\/avatar\/8d0970cc7fcad0b602d4a863ef0daade?s=96&d=mm&r=g\",\"contentUrl\":\"https:\/\/secure.gravatar.com\/avatar\/8d0970cc7fcad0b602d4a863ef0daade?s=96&d=mm&r=g\",\"caption\":\"Jonas\"},\"url\":\"https:\/\/www.martinennalsaward.org\/fr\/author\/jonas\/\"}]}<\/script>\n<!-- \/ Yoast SEO plugin. -->","yoast_head_json":{"title":"Emirats arabes unis: Le Jury du Prix Martin Ennals demande la lev\u00e9e de l\u2019interdiction de voyager contre Ahmed Mansoor - Martin Ennals Award","robots":{"index":"index","follow":"follow","max-snippet":"max-snippet:-1","max-image-preview":"max-image-preview:large","max-video-preview":"max-video-preview:-1"},"canonical":"https:\/\/www.martinennalsaward.org\/fr\/emirats-arabes-unis-le-jury-du-prix-martin-ennals-demande-la-levee-de-linterdiction-de-voyager-contre-ahmed-mansoor\/","og_locale":"fr_FR","og_type":"article","og_title":"Emirats arabes unis: Le Jury du Prix Martin Ennals demande la lev\u00e9e de l\u2019interdiction de voyager contre Ahmed Mansoor - Martin Ennals Award","og_description":"Dix groupes de d\u00e9fense des droits humains qui repr\u00e9sentent le Jury du Prix Martin Ennals ont demand\u00e9 aux Emirats arabes unies (EAU) de lever l\u2019interdiction de voyager contre Ahmed Mansoor, l\u2019un des trois d\u00e9fenseurs des droits humains nomin\u00e9s pour le Prix 2015 et de lui d\u00e9livrer un passeport. Largement respect\u00e9 comme \u00e9tant l\u2019une des raresRead More...","og_url":"https:\/\/www.martinennalsaward.org\/fr\/emirats-arabes-unis-le-jury-du-prix-martin-ennals-demande-la-levee-de-linterdiction-de-voyager-contre-ahmed-mansoor\/","og_site_name":"Martin Ennals Award","article_published_time":"2015-09-14T20:16:40+00:00","article_modified_time":"2021-09-01T13:45:18+00:00","og_image":[{"width":700,"height":700,"url":"https:\/\/www.martinennalsaward.org\/wp-content\/uploads\/2016\/07\/AHMED_MANSOOR_04-3.png","type":"image\/png"}],"author":"Jonas","twitter_card":"summary_large_image","twitter_misc":{"\u00c9crit par":"Jonas","Dur\u00e9e de lecture estim\u00e9e":"3 minutes"},"schema":{"@context":"https:\/\/schema.org","@graph":[{"@type":"WebPage","@id":"https:\/\/www.martinennalsaward.org\/fr\/emirats-arabes-unis-le-jury-du-prix-martin-ennals-demande-la-levee-de-linterdiction-de-voyager-contre-ahmed-mansoor\/","url":"https:\/\/www.martinennalsaward.org\/fr\/emirats-arabes-unis-le-jury-du-prix-martin-ennals-demande-la-levee-de-linterdiction-de-voyager-contre-ahmed-mansoor\/","name":"Emirats arabes unis: Le Jury du Prix Martin Ennals demande la lev\u00e9e de l\u2019interdiction de voyager contre Ahmed Mansoor - Martin Ennals Award","isPartOf":{"@id":"https:\/\/www.martinennalsaward.org\/#website"},"primaryImageOfPage":{"@id":"https:\/\/www.martinennalsaward.org\/fr\/emirats-arabes-unis-le-jury-du-prix-martin-ennals-demande-la-levee-de-linterdiction-de-voyager-contre-ahmed-mansoor\/#primaryimage"},"image":{"@id":"https:\/\/www.martinennalsaward.org\/fr\/emirats-arabes-unis-le-jury-du-prix-martin-ennals-demande-la-levee-de-linterdiction-de-voyager-contre-ahmed-mansoor\/#primaryimage"},"thumbnailUrl":"https:\/\/www.martinennalsaward.org\/wp-content\/uploads\/2016\/07\/AHMED_MANSOOR_04-3.png","datePublished":"2015-09-14T20:16:40+00:00","dateModified":"2021-09-01T13:45:18+00:00","author":{"@id":"https:\/\/www.martinennalsaward.org\/#\/schema\/person\/8f1cd8c093a598b77487bcee05730950"},"breadcrumb":{"@id":"https:\/\/www.martinennalsaward.org\/fr\/emirats-arabes-unis-le-jury-du-prix-martin-ennals-demande-la-levee-de-linterdiction-de-voyager-contre-ahmed-mansoor\/#breadcrumb"},"inLanguage":"fr-FR","potentialAction":[{"@type":"ReadAction","target":["https:\/\/www.martinennalsaward.org\/fr\/emirats-arabes-unis-le-jury-du-prix-martin-ennals-demande-la-levee-de-linterdiction-de-voyager-contre-ahmed-mansoor\/"]}]},{"@type":"ImageObject","inLanguage":"fr-FR","@id":"https:\/\/www.martinennalsaward.org\/fr\/emirats-arabes-unis-le-jury-du-prix-martin-ennals-demande-la-levee-de-linterdiction-de-voyager-contre-ahmed-mansoor\/#primaryimage","url":"https:\/\/www.martinennalsaward.org\/wp-content\/uploads\/2016\/07\/AHMED_MANSOOR_04-3.png","contentUrl":"https:\/\/www.martinennalsaward.org\/wp-content\/uploads\/2016\/07\/AHMED_MANSOOR_04-3.png","width":700,"height":700},{"@type":"BreadcrumbList","@id":"https:\/\/www.martinennalsaward.org\/fr\/emirats-arabes-unis-le-jury-du-prix-martin-ennals-demande-la-levee-de-linterdiction-de-voyager-contre-ahmed-mansoor\/#breadcrumb","itemListElement":[{"@type":"ListItem","position":1,"name":"Home","item":"https:\/\/www.martinennalsaward.org\/"},{"@type":"ListItem","position":2,"name":"Emirats arabes unis: Le Jury du Prix Martin Ennals demande la lev\u00e9e de l\u2019interdiction de voyager contre Ahmed Mansoor"}]},{"@type":"WebSite","@id":"https:\/\/www.martinennalsaward.org\/#website","url":"https:\/\/www.martinennalsaward.org\/","name":"Martin Ennals Award","description":"For Human Rights Defenders","potentialAction":[{"@type":"SearchAction","target":{"@type":"EntryPoint","urlTemplate":"https:\/\/www.martinennalsaward.org\/?s={search_term_string}"},"query-input":{"@type":"PropertyValueSpecification","valueRequired":true,"valueName":"search_term_string"}}],"inLanguage":"fr-FR"},{"@type":"Person","@id":"https:\/\/www.martinennalsaward.org\/#\/schema\/person\/8f1cd8c093a598b77487bcee05730950","name":"Jonas","image":{"@type":"ImageObject","inLanguage":"fr-FR","@id":"https:\/\/www.martinennalsaward.org\/#\/schema\/person\/image\/","url":"https:\/\/secure.gravatar.com\/avatar\/8d0970cc7fcad0b602d4a863ef0daade?s=96&d=mm&r=g","contentUrl":"https:\/\/secure.gravatar.com\/avatar\/8d0970cc7fcad0b602d4a863ef0daade?s=96&d=mm&r=g","caption":"Jonas"},"url":"https:\/\/www.martinennalsaward.org\/fr\/author\/jonas\/"}]}},"_links":{"self":[{"href":"https:\/\/www.martinennalsaward.org\/fr\/wp-json\/wp\/v2\/posts\/1281"}],"collection":[{"href":"https:\/\/www.martinennalsaward.org\/fr\/wp-json\/wp\/v2\/posts"}],"about":[{"href":"https:\/\/www.martinennalsaward.org\/fr\/wp-json\/wp\/v2\/types\/post"}],"author":[{"embeddable":true,"href":"https:\/\/www.martinennalsaward.org\/fr\/wp-json\/wp\/v2\/users\/11"}],"replies":[{"embeddable":true,"href":"https:\/\/www.martinennalsaward.org\/fr\/wp-json\/wp\/v2\/comments?post=1281"}],"version-history":[{"count":0,"href":"https:\/\/www.martinennalsaward.org\/fr\/wp-json\/wp\/v2\/posts\/1281\/revisions"}],"wp:featuredmedia":[{"embeddable":true,"href":"https:\/\/www.martinennalsaward.org\/fr\/wp-json\/wp\/v2\/media\/6905"}],"wp:attachment":[{"href":"https:\/\/www.martinennalsaward.org\/fr\/wp-json\/wp\/v2\/media?parent=1281"}],"wp:term":[{"taxonomy":"category","embeddable":true,"href":"https:\/\/www.martinennalsaward.org\/fr\/wp-json\/wp\/v2\/categories?post=1281"},{"taxonomy":"post_tag","embeddable":true,"href":"https:\/\/www.martinennalsaward.org\/fr\/wp-json\/wp\/v2\/tags?post=1281"},{"taxonomy":"news_section","embeddable":true,"href":"https:\/\/www.martinennalsaward.org\/fr\/wp-json\/wp\/v2\/news_section?post=1281"}],"curies":[{"name":"wp","href":"https:\/\/api.w.org\/{rel}","templated":true}]}}