{"id":1137,"date":"2017-04-26T08:50:49","date_gmt":"2017-04-26T08:50:49","guid":{"rendered":"https:\/\/www.martinennalsaward.org\/?p=1137&#038;lang=fr"},"modified":"2021-09-01T15:45:17","modified_gmt":"2021-09-01T13:45:17","slug":"three-human-rights-defenders-selected-finalists-2017-martin-ennals-award","status":"publish","type":"post","link":"https:\/\/www.martinennalsaward.org\/fr\/three-human-rights-defenders-selected-finalists-2017-martin-ennals-award\/","title":{"rendered":"Trois d\u00e9fenseur-e-s des droits humains nomin\u00e9-e-s pour le Prix Martin Ennals 2017"},"content":{"rendered":"<p>La s\u00e9lection des nomin\u00e9-e-s au Prix est effectu\u00e9e par la communaut\u00e9 internationale des droits humains (<em>voir ci-dessous la composition du Jury du Prix<\/em>). Le Prix est attribu\u00e9 \u00e0 des d\u00e9fenseur-e-s des droits humains qui ont montr\u00e9 un engagement important et font face \u00e0 un risque personnel s\u00e9rieux. L\u2019objectif du Prix est de mettre en lumi\u00e8re leur travail et de les prot\u00e9ger gr\u00e2ce \u00e0 une visibilit\u00e9 accrue.<\/p>\n<p><strong><a href=\" https:\/\/www.martinennalsaward.org\/?post_type=hrd&amp;p=1135&amp;lang=fr\">FreeThe5KH (Cambodge)<\/a><\/strong><\/p>\n<p><img fetchpriority=\"high\" decoding=\"async\" class=\"size-full wp-image-1138 alignnone\" src=\"https:\/\/www.martinennalsaward.org\/wp-content\/uploads\/2017\/04\/Panorama-Group.jpg\" alt=\"panorama-group\" width=\"932\" height=\"221\" srcset=\"https:\/\/www.martinennalsaward.org\/wp-content\/uploads\/2017\/04\/Panorama-Group.jpg 932w, https:\/\/www.martinennalsaward.org\/wp-content\/uploads\/2017\/04\/Panorama-Group-300x71.jpg 300w, https:\/\/www.martinennalsaward.org\/wp-content\/uploads\/2017\/04\/Panorama-Group-768x182.jpg 768w\" sizes=\"(max-width: 932px) 100vw, 932px\" \/><\/p>\n<p><a href=\" https:\/\/www.martinennalsaward.org\/?post_type=hrd&amp;p=1135&amp;lang=fr\">FreeThe5KH<\/a> sont cinq d\u00e9fenseurs des droits humains qui sont en d\u00e9tention provisoire depuis pr\u00e8s d\u2019un an. Leur d\u00e9tention est li\u00e9e \u00e0 leur travail au sein de l\u2019Association cambodgienne pour les droits de l\u2019homme et le d\u00e9veloppement (ADHOC). Des instances internationales telles que le Groupe de travail sur la d\u00e9tention arbitraire et les Rapporteurs sp\u00e9ciaux de l\u2019ONU ont appel\u00e9 \u00e0 maintes reprises \u00e0 leur lib\u00e9ration imm\u00e9diate et inconditionnelle. Elles ont aussi demand\u00e9\u00a0 qu\u2019un terme soit mis au harc\u00e8lement judiciaire continu dont sont victimes les d\u00e9fenseurs des droits humains au Cambodge en raison de leur travail l\u00e9gitime en faveur des droits humains. Ces d\u00e9veloppements s\u2019inscrivent dans un contexte de r\u00e9pression accrue dirig\u00e9e contre la soci\u00e9t\u00e9 civile et l\u2019opposition politique au Cambodge.<\/p>\n<p>C\u2019est au nom des Cinq Khmers que Thun Saray, Pr\u00e9sident de l\u2019ADHOC a d\u00e9clar\u00e9: <i>\u201cC\u2019est un immense honneur pour les cinq d\u00e9fenseurs des droits humains d\u2019avoir \u00e9t\u00e9 s\u00e9lectionn\u00e9s comme finalistes. Le 28 avril marquera le premier anniversaire de leur d\u00e9tention arbitraire. Ils sont emprisonn\u00e9s \u00e0 cause de leur travail l\u00e9gitime en faveur des droits humains. Les attaques de plus en plus fr\u00e9quentes contre les d\u00e9fenseurs des droits humains et les militants a eu un impact consid\u00e9rable sur celles et ceux qui oeuvrent \u00e0 promouvoir et prot\u00e9ger les droits humains au Cambodge. Ce Prix est un symbole d\u2019encouragement pour tout Cambodgien courageux qui continue de d\u00e9noncer les injustices et les violations des droits humains. Je souhaiterais exprimer ma profonde reconnaissance envers toutes celles et ceux qui ont soutenu la nomination.\u201d<\/i><\/p>\n<p><b><i><img decoding=\"async\" class=\"size-medium wp-image-1126 alignright lazyload\" data-src=\"https:\/\/www.martinennalsaward.org\/wp-content\/uploads\/2017\/04\/KARLA_AVELAR_700px_PNG-300x300.png\" alt=\"karla_avelar_700px_png\" width=\"300\" height=\"300\" data-srcset=\"https:\/\/www.martinennalsaward.org\/wp-content\/uploads\/2017\/04\/KARLA_AVELAR_700px_PNG-300x300.png 300w, https:\/\/www.martinennalsaward.org\/wp-content\/uploads\/2017\/04\/KARLA_AVELAR_700px_PNG-150x150.png 150w, https:\/\/www.martinennalsaward.org\/wp-content\/uploads\/2017\/04\/KARLA_AVELAR_700px_PNG-330x330.png 330w, https:\/\/www.martinennalsaward.org\/wp-content\/uploads\/2017\/04\/KARLA_AVELAR_700px_PNG-530x530.png 530w, https:\/\/www.martinennalsaward.org\/wp-content\/uploads\/2017\/04\/KARLA_AVELAR_700px_PNG.png 700w\" data-sizes=\"(max-width: 300px) 100vw, 300px\" src=\"data:image\/gif;base64,R0lGODlhAQABAAAAACH5BAEKAAEALAAAAAABAAEAAAICTAEAOw==\" style=\"--smush-placeholder-width: 300px; --smush-placeholder-aspect-ratio: 300\/300;\" \/><noscript><img decoding=\"async\" class=\"size-medium wp-image-1126 alignright\" src=\"https:\/\/www.martinennalsaward.org\/wp-content\/uploads\/2017\/04\/KARLA_AVELAR_700px_PNG-300x300.png\" alt=\"karla_avelar_700px_png\" width=\"300\" height=\"300\" srcset=\"https:\/\/www.martinennalsaward.org\/wp-content\/uploads\/2017\/04\/KARLA_AVELAR_700px_PNG-300x300.png 300w, https:\/\/www.martinennalsaward.org\/wp-content\/uploads\/2017\/04\/KARLA_AVELAR_700px_PNG-150x150.png 150w, https:\/\/www.martinennalsaward.org\/wp-content\/uploads\/2017\/04\/KARLA_AVELAR_700px_PNG-330x330.png 330w, https:\/\/www.martinennalsaward.org\/wp-content\/uploads\/2017\/04\/KARLA_AVELAR_700px_PNG-530x530.png 530w, https:\/\/www.martinennalsaward.org\/wp-content\/uploads\/2017\/04\/KARLA_AVELAR_700px_PNG.png 700w\" sizes=\"(max-width: 300px) 100vw, 300px\" \/><\/noscript><\/i><\/b><\/p>\n<p><strong><a href=\"https:\/\/www.martinennalsaward.org\/?post_type=hrd&amp;p=1136&amp;lang=fr\">Karla Avelar (Salvador)<\/a><\/strong><\/p>\n<p><a href=\"https:\/\/www.martinennalsaward.org\/?post_type=hrd&amp;p=1136&amp;lang=fr\">Karla Avelar<\/a>, une femme transgenre originaire du Salvador, a grandi dans les rues de San Salvador o\u00f9 elle a connu la discrimination, la violence, l\u2019exploitation et le viol. Elle a \u00e9t\u00e9 jet\u00e9e en prison alors qu\u2019elle ne faisait que se d\u00e9fendre, et c\u2019est l\u00e0 qu\u2019elle a \u00e9t\u00e9 r\u00e9guli\u00e8rement victime d\u2019abus commis par des co-d\u00e9tenus au vu et su des autorit\u00e9s p\u00e9nitentiaires, voire m\u00eame avec leur participation. Ces exp\u00e9riences terribles ont fait d\u2019elle la fervente d\u00e9fenseure des droits humains qu\u2019elle est aujourd\u2019hui. Avec trois autres militants, elle a fond\u00e9 COMCAVIS TRANS, une association cr\u00e9\u00e9e pour repr\u00e9senter, d\u00e9fendre et promouvoir les droits humains des personnes LGBTI, en particulier celles et ceux qui vivent, comme elle, avec le VIH. Elle travaille \u00e0 changer la l\u00e9gislation et les pratiques des autorit\u00e9s en leur demandant publiquement de rendre des comptes. Ses activit\u00e9s de plaidoyer ont contribu\u00e9 notamment \u00e0 pousser les autorit\u00e9s \u00e0 isoler les d\u00e9tenus LGBTI pour leur propre s\u00e9curit\u00e9 et \u00e0 leur autoriser l\u2019acc\u00e8s \u00e0 des traitements standards contre le VIH fournis par le minist\u00e8re de la Sant\u00e9.<\/p>\n<p>Elle a d\u00e9clar\u00e9: <i>\u201cJe voudrais remercier Martin Ennals, le Jury et toutes celles et ceux qui m\u2019ont nomin\u00e9e pour cette importante r\u00e9compense. M\u00eame si aujourd\u2019hui je suis en danger, et il est \u00e9vident que mon combat est risqu\u00e9, c\u2019est ma soif de justice et d\u2019\u00e9quit\u00e9 qui me motive. Je continuerai \u00e0 pousser l\u2019Etat \u00e0 accepter les r\u00e9formes et les l\u00e9gislations propos\u00e9es par la soci\u00e9t\u00e9 civile pour permettre \u00e0 la communaut\u00e9 LGBTI de jouir pleinement de ses droits humains.\u201d<\/i><\/p>\n<p><a href=\" https:\/\/www.martinennalsaward.org\/?post_type=hrd&amp;p=1131\"><img decoding=\"async\" class=\"size-medium wp-image-1132 alignleft lazyload\" data-src=\"https:\/\/www.martinennalsaward.org\/wp-content\/uploads\/2017\/04\/MOHAMMED_ZAREE_700px_PNG-300x300.png\" alt=\"mohammed_zaree_700px_png\" width=\"300\" height=\"300\" data-srcset=\"https:\/\/www.martinennalsaward.org\/wp-content\/uploads\/2017\/04\/MOHAMMED_ZAREE_700px_PNG-300x300.png 300w, https:\/\/www.martinennalsaward.org\/wp-content\/uploads\/2017\/04\/MOHAMMED_ZAREE_700px_PNG-150x150.png 150w, https:\/\/www.martinennalsaward.org\/wp-content\/uploads\/2017\/04\/MOHAMMED_ZAREE_700px_PNG-330x330.png 330w, https:\/\/www.martinennalsaward.org\/wp-content\/uploads\/2017\/04\/MOHAMMED_ZAREE_700px_PNG-530x530.png 530w, https:\/\/www.martinennalsaward.org\/wp-content\/uploads\/2017\/04\/MOHAMMED_ZAREE_700px_PNG.png 700w\" data-sizes=\"(max-width: 300px) 100vw, 300px\" src=\"data:image\/gif;base64,R0lGODlhAQABAAAAACH5BAEKAAEALAAAAAABAAEAAAICTAEAOw==\" style=\"--smush-placeholder-width: 300px; --smush-placeholder-aspect-ratio: 300\/300;\" \/><noscript><img decoding=\"async\" class=\"size-medium wp-image-1132 alignleft\" src=\"https:\/\/www.martinennalsaward.org\/wp-content\/uploads\/2017\/04\/MOHAMMED_ZAREE_700px_PNG-300x300.png\" alt=\"mohammed_zaree_700px_png\" width=\"300\" height=\"300\" srcset=\"https:\/\/www.martinennalsaward.org\/wp-content\/uploads\/2017\/04\/MOHAMMED_ZAREE_700px_PNG-300x300.png 300w, https:\/\/www.martinennalsaward.org\/wp-content\/uploads\/2017\/04\/MOHAMMED_ZAREE_700px_PNG-150x150.png 150w, https:\/\/www.martinennalsaward.org\/wp-content\/uploads\/2017\/04\/MOHAMMED_ZAREE_700px_PNG-330x330.png 330w, https:\/\/www.martinennalsaward.org\/wp-content\/uploads\/2017\/04\/MOHAMMED_ZAREE_700px_PNG-530x530.png 530w, https:\/\/www.martinennalsaward.org\/wp-content\/uploads\/2017\/04\/MOHAMMED_ZAREE_700px_PNG.png 700w\" sizes=\"(max-width: 300px) 100vw, 300px\" \/><\/noscript><\/a><\/p>\n<p><strong><a href=\" https:\/\/www.martinennalsaward.org\/?post_type=hrd&amp;p=1134&amp;lang=fr\">Mohamed Zaree (Egypte)<\/a><\/strong><\/p>\n<p><a href=\" https:\/\/www.martinennalsaward.org\/?post_type=hrd&amp;p=1134&amp;lang=fr\">Mohamed Zaree<\/a> est le directeur de l\u2019Institut du Caire pour les \u00e9tudes sur les droits de l\u2019homme (CIHRS) pour l\u2019Egypte. Il y est responsable du travail juridique, m\u00e9diatique et du plaidoyer national. Le travail du CIHRS avait beaucoup d\u2019influence dans le Monde arabe, en particulier en Egypte, ce qui a valu \u00e0 son directeur de recevoir des menaces de mort. Ces menaces ont contraint le directeur ex\u00e9cutif du CIHRS et ses employ\u00e9s de la r\u00e9gion \u00e0 partir \u00e0 l\u2019\u00e9tranger pour continuer leur travail. Mohamed a choisi de rester et il est \u00e0 pr\u00e9sent interdit de voyager. Il est juriste et coordonne la recherche visant \u00e0 contester les lois con\u00e7ues pour limiter l\u2019activit\u00e9 des ONG de d\u00e9fense des droits humains, notamment celles relatives aux libert\u00e9s d\u2019expression et d\u2019assembl\u00e9e. Il est largement per\u00e7u comme une figure f\u00e9d\u00e9ratrice qui rassemble tous les membres de la communaut\u00e9 des droits humains en Egypte et les pousse \u00e0 adopter une approche commune dans leur travail de plaidoyer.<\/p>\n<p>Il a d\u00e9clar\u00e9: <i>\u201cLa r\u00e9volution \u00e9gyptienne de 2011 avait suscit\u00e9 en nous de grands espoirs. Nous ignorons comment la situation a fini par se d\u00e9t\u00e9riorer \u00e0 ce point. Aujourd\u2019hui, nous combattons des violations des droits humains qui sont pires que celles d\u2019avant 2011 et nous remettons en question la normalisation et l\u2019acceptation de ces atrocit\u00e9s. Tuer pr\u00e8s de 1000 citoyens en l\u2019espace de quelques\u00a0<\/i><span class=\"s1\"><i>heures, arr\u00eater pr\u00e8s de 40 000 autres, voir des innocents mourir dans les prisons \u00e9gyptiennes, ce n\u2019est pas la norme et nous ne permettrons pas que cela le devienne. Nous, d\u00e9fenseurs des droits humains, combattons ces abus au risque d\u2019\u00eatre jet\u00e9s en prison \u00e0 vie.\u201d <\/i><\/span><\/p>\n<p>Le Prix sera pr\u00e9sent\u00e9 le 10 octobre lors d\u2019une c\u00e9r\u00e9monie organis\u00e9e par la Ville de Gen\u00e8ve.<\/p>\n<p><b>La principale distinction du mouvement des droits humains.<\/b> Le Prix Martin Ennals pour les d\u00e9fenseur-e-s des droits humains est une collaboration unique entre dix des plus importantes organisations mondiales des droits humains pour prot\u00e9ger les d\u00e9fenseur-e-s dans le monde entier. Le Jury est compos\u00e9 des ONG suivantes :<\/p>\n<ul>\n<li>Amnesty International<\/li>\n<li>Human Rights Watch<\/li>\n<li>Human Rights First<\/li>\n<li>FIDH &#8211; F\u00e9d\u00e9ration internationale des droits de l\u2019homme<\/li>\n<li>Organisation mondiale contre la torture<\/li>\n<li>Front Line Defenders<\/li>\n<li>Commission internationale de juristes<\/li>\n<li>EWDE Germany<\/li>\n<li>Service international pour les droits de l\u2019homme<\/li>\n<li>HURIDOCS<\/li>\n<\/ul>\n<p>Version \u00e9lectronique:<\/p>\n<p><a href=\"https:\/\/www.dropbox.com\/sh\/tp07470vblnp1fm\/AADgRJnvU-y5BPTFDEBLPpPxa?dl=0\">https:\/\/www.dropbox.com\/sh\/tp07470vblnp1fm\/AADgRJnvU-y5BPTFDEBLPpPxa?dl=0<\/a><\/p>\n<p><i>Pour plus d\u2019informations, veuillez contacter Michael Khambatta +41 79 474 8208<\/i><\/p>\n<p><i>khambatta@martinennalsaward.org<\/i><\/p>\n<p>ou visitez <a href=\"https:\/\/www.martinennalsaward.org\">www.martinennalsaward.org<\/a><\/p>\n<p>&nbsp;<\/p>\n","protected":false},"excerpt":{"rendered":"<p>La s\u00e9lection des nomin\u00e9-e-s au Prix est effectu\u00e9e par la communaut\u00e9 internationale des droits humains (voir ci-dessous la composition du Jury du Prix). Le Prix est attribu\u00e9 \u00e0 des d\u00e9fenseur-e-s des droits humains qui ont montr\u00e9 un engagement important et font face \u00e0 un risque personnel s\u00e9rieux. L\u2019objectif du Prix est de mettre en lumi\u00e8re<a class=\"read-more\" href=\"https:\/\/www.martinennalsaward.org\/fr\/three-human-rights-defenders-selected-finalists-2017-martin-ennals-award\/\">Read More&#8230;<\/a><\/p>\n","protected":false},"author":11,"featured_media":1140,"comment_status":"open","ping_status":"open","sticky":false,"template":"","format":"standard","meta":{"_acf_changed":false,"footnotes":""},"categories":[2],"tags":[],"news_section":[343],"class_list":["post-1137","post","type-post","status-publish","format-standard","has-post-thumbnail","hentry","category-non-classifiee","news_section-news"],"acf":[],"yoast_head":"<!-- This site is optimized with the Yoast SEO plugin v24.1 - https:\/\/yoast.com\/wordpress\/plugins\/seo\/ -->\n<title>Trois d\u00e9fenseur-e-s des droits humains nomin\u00e9-e-s pour le Prix Martin Ennals 2017 - Martin Ennals Award<\/title>\n<meta name=\"robots\" content=\"index, follow, max-snippet:-1, max-image-preview:large, max-video-preview:-1\" \/>\n<link rel=\"canonical\" href=\"https:\/\/www.martinennalsaward.org\/fr\/three-human-rights-defenders-selected-finalists-2017-martin-ennals-award\/\" \/>\n<meta property=\"og:locale\" content=\"fr_FR\" \/>\n<meta property=\"og:type\" content=\"article\" \/>\n<meta property=\"og:title\" content=\"Trois d\u00e9fenseur-e-s des droits humains nomin\u00e9-e-s pour le Prix Martin Ennals 2017 - Martin Ennals Award\" \/>\n<meta property=\"og:description\" content=\"La s\u00e9lection des nomin\u00e9-e-s au Prix est effectu\u00e9e par la communaut\u00e9 internationale des droits humains (voir ci-dessous la composition du Jury du Prix). Le Prix est attribu\u00e9 \u00e0 des d\u00e9fenseur-e-s des droits humains qui ont montr\u00e9 un engagement important et font face \u00e0 un risque personnel s\u00e9rieux. L\u2019objectif du Prix est de mettre en lumi\u00e8reRead More...\" \/>\n<meta property=\"og:url\" content=\"https:\/\/www.martinennalsaward.org\/fr\/three-human-rights-defenders-selected-finalists-2017-martin-ennals-award\/\" \/>\n<meta property=\"og:site_name\" content=\"Martin Ennals Award\" \/>\n<meta property=\"article:published_time\" content=\"2017-04-26T08:50:49+00:00\" \/>\n<meta property=\"article:modified_time\" content=\"2021-09-01T13:45:17+00:00\" \/>\n<meta property=\"og:image\" content=\"https:\/\/www.martinennalsaward.org\/wp-content\/uploads\/2017\/04\/MEA2017_FINALIST_700px_PNG.png\" \/>\n\t<meta property=\"og:image:width\" content=\"700\" \/>\n\t<meta property=\"og:image:height\" content=\"700\" \/>\n\t<meta property=\"og:image:type\" content=\"image\/png\" \/>\n<meta name=\"author\" content=\"Jonas\" \/>\n<meta name=\"twitter:card\" content=\"summary_large_image\" \/>\n<meta name=\"twitter:label1\" content=\"\u00c9crit par\" \/>\n\t<meta name=\"twitter:data1\" content=\"Jonas\" \/>\n\t<meta name=\"twitter:label2\" content=\"Dur\u00e9e de lecture estim\u00e9e\" \/>\n\t<meta name=\"twitter:data2\" content=\"5 minutes\" \/>\n<script type=\"application\/ld+json\" class=\"yoast-schema-graph\">{\"@context\":\"https:\/\/schema.org\",\"@graph\":[{\"@type\":\"WebPage\",\"@id\":\"https:\/\/www.martinennalsaward.org\/fr\/three-human-rights-defenders-selected-finalists-2017-martin-ennals-award\/\",\"url\":\"https:\/\/www.martinennalsaward.org\/fr\/three-human-rights-defenders-selected-finalists-2017-martin-ennals-award\/\",\"name\":\"Trois d\u00e9fenseur-e-s des droits humains nomin\u00e9-e-s pour le Prix Martin Ennals 2017 - Martin Ennals Award\",\"isPartOf\":{\"@id\":\"https:\/\/www.martinennalsaward.org\/#website\"},\"primaryImageOfPage\":{\"@id\":\"https:\/\/www.martinennalsaward.org\/fr\/three-human-rights-defenders-selected-finalists-2017-martin-ennals-award\/#primaryimage\"},\"image\":{\"@id\":\"https:\/\/www.martinennalsaward.org\/fr\/three-human-rights-defenders-selected-finalists-2017-martin-ennals-award\/#primaryimage\"},\"thumbnailUrl\":\"https:\/\/www.martinennalsaward.org\/wp-content\/uploads\/2017\/04\/MEA2017_FINALIST_700px_PNG.png\",\"datePublished\":\"2017-04-26T08:50:49+00:00\",\"dateModified\":\"2021-09-01T13:45:17+00:00\",\"author\":{\"@id\":\"https:\/\/www.martinennalsaward.org\/#\/schema\/person\/8f1cd8c093a598b77487bcee05730950\"},\"breadcrumb\":{\"@id\":\"https:\/\/www.martinennalsaward.org\/fr\/three-human-rights-defenders-selected-finalists-2017-martin-ennals-award\/#breadcrumb\"},\"inLanguage\":\"fr-FR\",\"potentialAction\":[{\"@type\":\"ReadAction\",\"target\":[\"https:\/\/www.martinennalsaward.org\/fr\/three-human-rights-defenders-selected-finalists-2017-martin-ennals-award\/\"]}]},{\"@type\":\"ImageObject\",\"inLanguage\":\"fr-FR\",\"@id\":\"https:\/\/www.martinennalsaward.org\/fr\/three-human-rights-defenders-selected-finalists-2017-martin-ennals-award\/#primaryimage\",\"url\":\"https:\/\/www.martinennalsaward.org\/wp-content\/uploads\/2017\/04\/MEA2017_FINALIST_700px_PNG.png\",\"contentUrl\":\"https:\/\/www.martinennalsaward.org\/wp-content\/uploads\/2017\/04\/MEA2017_FINALIST_700px_PNG.png\",\"width\":700,\"height\":700},{\"@type\":\"BreadcrumbList\",\"@id\":\"https:\/\/www.martinennalsaward.org\/fr\/three-human-rights-defenders-selected-finalists-2017-martin-ennals-award\/#breadcrumb\",\"itemListElement\":[{\"@type\":\"ListItem\",\"position\":1,\"name\":\"Home\",\"item\":\"https:\/\/www.martinennalsaward.org\/\"},{\"@type\":\"ListItem\",\"position\":2,\"name\":\"Trois d\u00e9fenseur-e-s des droits humains nomin\u00e9-e-s pour le Prix Martin Ennals 2017\"}]},{\"@type\":\"WebSite\",\"@id\":\"https:\/\/www.martinennalsaward.org\/#website\",\"url\":\"https:\/\/www.martinennalsaward.org\/\",\"name\":\"Martin Ennals Award\",\"description\":\"For Human Rights Defenders\",\"potentialAction\":[{\"@type\":\"SearchAction\",\"target\":{\"@type\":\"EntryPoint\",\"urlTemplate\":\"https:\/\/www.martinennalsaward.org\/?s={search_term_string}\"},\"query-input\":{\"@type\":\"PropertyValueSpecification\",\"valueRequired\":true,\"valueName\":\"search_term_string\"}}],\"inLanguage\":\"fr-FR\"},{\"@type\":\"Person\",\"@id\":\"https:\/\/www.martinennalsaward.org\/#\/schema\/person\/8f1cd8c093a598b77487bcee05730950\",\"name\":\"Jonas\",\"image\":{\"@type\":\"ImageObject\",\"inLanguage\":\"fr-FR\",\"@id\":\"https:\/\/www.martinennalsaward.org\/#\/schema\/person\/image\/\",\"url\":\"https:\/\/secure.gravatar.com\/avatar\/8d0970cc7fcad0b602d4a863ef0daade?s=96&d=mm&r=g\",\"contentUrl\":\"https:\/\/secure.gravatar.com\/avatar\/8d0970cc7fcad0b602d4a863ef0daade?s=96&d=mm&r=g\",\"caption\":\"Jonas\"},\"url\":\"https:\/\/www.martinennalsaward.org\/fr\/author\/jonas\/\"}]}<\/script>\n<!-- \/ Yoast SEO plugin. -->","yoast_head_json":{"title":"Trois d\u00e9fenseur-e-s des droits humains nomin\u00e9-e-s pour le Prix Martin Ennals 2017 - Martin Ennals Award","robots":{"index":"index","follow":"follow","max-snippet":"max-snippet:-1","max-image-preview":"max-image-preview:large","max-video-preview":"max-video-preview:-1"},"canonical":"https:\/\/www.martinennalsaward.org\/fr\/three-human-rights-defenders-selected-finalists-2017-martin-ennals-award\/","og_locale":"fr_FR","og_type":"article","og_title":"Trois d\u00e9fenseur-e-s des droits humains nomin\u00e9-e-s pour le Prix Martin Ennals 2017 - Martin Ennals Award","og_description":"La s\u00e9lection des nomin\u00e9-e-s au Prix est effectu\u00e9e par la communaut\u00e9 internationale des droits humains (voir ci-dessous la composition du Jury du Prix). Le Prix est attribu\u00e9 \u00e0 des d\u00e9fenseur-e-s des droits humains qui ont montr\u00e9 un engagement important et font face \u00e0 un risque personnel s\u00e9rieux. L\u2019objectif du Prix est de mettre en lumi\u00e8reRead More...","og_url":"https:\/\/www.martinennalsaward.org\/fr\/three-human-rights-defenders-selected-finalists-2017-martin-ennals-award\/","og_site_name":"Martin Ennals Award","article_published_time":"2017-04-26T08:50:49+00:00","article_modified_time":"2021-09-01T13:45:17+00:00","og_image":[{"width":700,"height":700,"url":"https:\/\/www.martinennalsaward.org\/wp-content\/uploads\/2017\/04\/MEA2017_FINALIST_700px_PNG.png","type":"image\/png"}],"author":"Jonas","twitter_card":"summary_large_image","twitter_misc":{"\u00c9crit par":"Jonas","Dur\u00e9e de lecture estim\u00e9e":"5 minutes"},"schema":{"@context":"https:\/\/schema.org","@graph":[{"@type":"WebPage","@id":"https:\/\/www.martinennalsaward.org\/fr\/three-human-rights-defenders-selected-finalists-2017-martin-ennals-award\/","url":"https:\/\/www.martinennalsaward.org\/fr\/three-human-rights-defenders-selected-finalists-2017-martin-ennals-award\/","name":"Trois d\u00e9fenseur-e-s des droits humains nomin\u00e9-e-s pour le Prix Martin Ennals 2017 - Martin Ennals Award","isPartOf":{"@id":"https:\/\/www.martinennalsaward.org\/#website"},"primaryImageOfPage":{"@id":"https:\/\/www.martinennalsaward.org\/fr\/three-human-rights-defenders-selected-finalists-2017-martin-ennals-award\/#primaryimage"},"image":{"@id":"https:\/\/www.martinennalsaward.org\/fr\/three-human-rights-defenders-selected-finalists-2017-martin-ennals-award\/#primaryimage"},"thumbnailUrl":"https:\/\/www.martinennalsaward.org\/wp-content\/uploads\/2017\/04\/MEA2017_FINALIST_700px_PNG.png","datePublished":"2017-04-26T08:50:49+00:00","dateModified":"2021-09-01T13:45:17+00:00","author":{"@id":"https:\/\/www.martinennalsaward.org\/#\/schema\/person\/8f1cd8c093a598b77487bcee05730950"},"breadcrumb":{"@id":"https:\/\/www.martinennalsaward.org\/fr\/three-human-rights-defenders-selected-finalists-2017-martin-ennals-award\/#breadcrumb"},"inLanguage":"fr-FR","potentialAction":[{"@type":"ReadAction","target":["https:\/\/www.martinennalsaward.org\/fr\/three-human-rights-defenders-selected-finalists-2017-martin-ennals-award\/"]}]},{"@type":"ImageObject","inLanguage":"fr-FR","@id":"https:\/\/www.martinennalsaward.org\/fr\/three-human-rights-defenders-selected-finalists-2017-martin-ennals-award\/#primaryimage","url":"https:\/\/www.martinennalsaward.org\/wp-content\/uploads\/2017\/04\/MEA2017_FINALIST_700px_PNG.png","contentUrl":"https:\/\/www.martinennalsaward.org\/wp-content\/uploads\/2017\/04\/MEA2017_FINALIST_700px_PNG.png","width":700,"height":700},{"@type":"BreadcrumbList","@id":"https:\/\/www.martinennalsaward.org\/fr\/three-human-rights-defenders-selected-finalists-2017-martin-ennals-award\/#breadcrumb","itemListElement":[{"@type":"ListItem","position":1,"name":"Home","item":"https:\/\/www.martinennalsaward.org\/"},{"@type":"ListItem","position":2,"name":"Trois d\u00e9fenseur-e-s des droits humains nomin\u00e9-e-s pour le Prix Martin Ennals 2017"}]},{"@type":"WebSite","@id":"https:\/\/www.martinennalsaward.org\/#website","url":"https:\/\/www.martinennalsaward.org\/","name":"Martin Ennals Award","description":"For Human Rights Defenders","potentialAction":[{"@type":"SearchAction","target":{"@type":"EntryPoint","urlTemplate":"https:\/\/www.martinennalsaward.org\/?s={search_term_string}"},"query-input":{"@type":"PropertyValueSpecification","valueRequired":true,"valueName":"search_term_string"}}],"inLanguage":"fr-FR"},{"@type":"Person","@id":"https:\/\/www.martinennalsaward.org\/#\/schema\/person\/8f1cd8c093a598b77487bcee05730950","name":"Jonas","image":{"@type":"ImageObject","inLanguage":"fr-FR","@id":"https:\/\/www.martinennalsaward.org\/#\/schema\/person\/image\/","url":"https:\/\/secure.gravatar.com\/avatar\/8d0970cc7fcad0b602d4a863ef0daade?s=96&d=mm&r=g","contentUrl":"https:\/\/secure.gravatar.com\/avatar\/8d0970cc7fcad0b602d4a863ef0daade?s=96&d=mm&r=g","caption":"Jonas"},"url":"https:\/\/www.martinennalsaward.org\/fr\/author\/jonas\/"}]}},"_links":{"self":[{"href":"https:\/\/www.martinennalsaward.org\/fr\/wp-json\/wp\/v2\/posts\/1137"}],"collection":[{"href":"https:\/\/www.martinennalsaward.org\/fr\/wp-json\/wp\/v2\/posts"}],"about":[{"href":"https:\/\/www.martinennalsaward.org\/fr\/wp-json\/wp\/v2\/types\/post"}],"author":[{"embeddable":true,"href":"https:\/\/www.martinennalsaward.org\/fr\/wp-json\/wp\/v2\/users\/11"}],"replies":[{"embeddable":true,"href":"https:\/\/www.martinennalsaward.org\/fr\/wp-json\/wp\/v2\/comments?post=1137"}],"version-history":[{"count":0,"href":"https:\/\/www.martinennalsaward.org\/fr\/wp-json\/wp\/v2\/posts\/1137\/revisions"}],"wp:featuredmedia":[{"embeddable":true,"href":"https:\/\/www.martinennalsaward.org\/fr\/wp-json\/wp\/v2\/media\/1140"}],"wp:attachment":[{"href":"https:\/\/www.martinennalsaward.org\/fr\/wp-json\/wp\/v2\/media?parent=1137"}],"wp:term":[{"taxonomy":"category","embeddable":true,"href":"https:\/\/www.martinennalsaward.org\/fr\/wp-json\/wp\/v2\/categories?post=1137"},{"taxonomy":"post_tag","embeddable":true,"href":"https:\/\/www.martinennalsaward.org\/fr\/wp-json\/wp\/v2\/tags?post=1137"},{"taxonomy":"news_section","embeddable":true,"href":"https:\/\/www.martinennalsaward.org\/fr\/wp-json\/wp\/v2\/news_section?post=1137"}],"curies":[{"name":"wp","href":"https:\/\/api.w.org\/{rel}","templated":true}]}}