{"id":1082,"date":"2016-10-11T07:10:37","date_gmt":"2016-10-11T07:10:37","guid":{"rendered":"https:\/\/www.martinennalsaward.org\/?p=1082&#038;lang=fr"},"modified":"2021-09-01T15:45:17","modified_gmt":"2021-09-01T13:45:17","slug":"ilham-tohti-2016-martin-ennals-award-laureate-human-rights-defenders","status":"publish","type":"post","link":"https:\/\/www.martinennalsaward.org\/fr\/ilham-tohti-2016-martin-ennals-award-laureate-human-rights-defenders\/","title":{"rendered":"Ilham Tohti  est le laur\u00e9at 2016 du Prix Martin Ennals pour les d\u00e9fenseur-e-s des droits humains"},"content":{"rendered":"<p><a href=\"https:\/\/www.martinennalsaward.org\/?hrd=ilham-tohti-2&amp;lang=fr\">Ilham Tohti<\/a> a \u00e9t\u00e9 s\u00e9l\u00e9ctionn\u00e9 par un jury compos\u00e9 des dix plus grandes organisations pour la d\u00e9fense des droits humains (voir liste ci-dessous). Le Prix est attribu\u00e9 \u00e0 des d\u00e9fenseur-e-s des droit humains qui se sont illustr\u00e9-e-s par leur profond engagement dans leur combat contre la violation des droits humains et ce malgr\u00e9 les risques personnels encourus. L\u2019objectif de cette distinction est de mettre en valeur leur travail et de leur offrir une protection \u00e0 travers une visibilit\u00e9 accrue et une reconnaissance internationale. Activement soutenue par la Ville de Gen\u00e8ve, la c\u00e9r\u00e9monie se tiendra le 11 octobre 2016.<\/p>\n<p><strong><a href=\"https:\/\/www.martinennalsaward.org\/?hrd=ilham-tohti-2&amp;lang=fr\">Ilham Tohti<\/a> (Chine)\u00a0<\/strong><\/p>\n<p><img fetchpriority=\"high\" decoding=\"async\" class=\"size-medium wp-image-163 alignleft\" src=\"https:\/\/www.martinennalsaward.org\/wp-content\/uploads\/2016\/07\/ILHAM_TOHTI_02-5-300x300.png\" alt=\"Ilham Tohti\" width=\"300\" height=\"300\" srcset=\"https:\/\/www.martinennalsaward.org\/wp-content\/uploads\/2016\/07\/ILHAM_TOHTI_02-5-300x300.png 300w, https:\/\/www.martinennalsaward.org\/wp-content\/uploads\/2016\/07\/ILHAM_TOHTI_02-5-150x150.png 150w, https:\/\/www.martinennalsaward.org\/wp-content\/uploads\/2016\/07\/ILHAM_TOHTI_02-5-330x330.png 330w, https:\/\/www.martinennalsaward.org\/wp-content\/uploads\/2016\/07\/ILHAM_TOHTI_02-5-530x530.png 530w, https:\/\/www.martinennalsaward.org\/wp-content\/uploads\/2016\/07\/ILHAM_TOHTI_02-5.png 700w\" sizes=\"(max-width: 300px) 100vw, 300px\" \/>C\u00e9l\u00e8bre intellectuel ou\u00efghour en Chine, <a href=\"https:\/\/www.martinennalsaward.org\/?hrd=ilham-tohti-2&amp;lang=fr\">Ilham Tohti<\/a> a travaill\u00e9 deux d\u00e9cennies\u00a0 durant pour favoriser le dialogue et la compr\u00e9hension entre les Ou\u00efghours et Hans chinois. Il a rejet\u00e9 le s\u00e9paratisme et la violence, et a cherch\u00e9 une r\u00e9conciliation fond\u00e9e sur le respect de la culture ou\u00efghoure, qui a \u00e9t\u00e9 soumise \u00e0 la r\u00e9pression religieuse, culturelle et politique dans la R\u00e9gion autonome ou\u00efghoure du Xinjiang.<\/p>\n<p>En 1994, il commen\u00e7a \u00e0 \u00e9crire sur les probl\u00e8mes et les abus dans le Xinjiang, ce qui a eu pour cons\u00e9quence d\u2019\u00eatre plac\u00e9 sous surveillance de l\u2019Etat. De 1999 \u00e0 2003, il a \u00e9t\u00e9 interdit d\u2019enseignement. Depuis, les autorit\u00e9s ont \u00e9galement rendu impossible toute publication de sa part dans les lieux habituels. En r\u00e9ponse, il se tourna vers Internet afin d\u2019accro\u00eetre la sensibilisation du public aux diff\u00e9rents enjeux \u00e9conomiques, sociaux et aux d\u00e9veloppements auxquels sont confront\u00e9s les Ou\u00efghours. En 2006, il cr\u00e9a Uyghurbiz.net, un site en langue chinoise favorisant le dialogue et la compr\u00e9hension entre les Ou\u00efghours et les Hans chinois. Au cours de son existence, le site fut ferm\u00e9 \u00e0 plusieurs reprises et ses diff\u00e9rents auteurs harcel\u00e9s.<\/p>\n<p>En 2009, il a \u00e9t\u00e9 arr\u00eat\u00e9 pendant plusieurs semaines apr\u00e8s avoir publi\u00e9 des informations \u00e0 propos d\u2019Ou\u00efghours qui ont \u00e9t\u00e9 arr\u00eat\u00e9-s-s, tu\u00e9-s-s ou qui avaient \u00ab\u00a0disparu\u00a0\u00bb pendant et apr\u00e8s des manifestations. Dans les ann\u00e9es suivantes, il a \u00e9t\u00e9 r\u00e9guli\u00e8rement assign\u00e9 \u00e0 r\u00e9sidence, et en 2013, alors qu\u2019il avait l&rsquo;obligation de prendre un poste en tant que chercheur invit\u00e9 \u00e0 l&rsquo;Universit\u00e9 d&rsquo;Indiana aux \u00c9tats-Unis, il a \u00e9t\u00e9 d\u00e9tenu \u00e0 l&rsquo;a\u00e9roport et emp\u00each\u00e9 de quitter la Chine.<\/p>\n<p>Le 15 janvier 2014, Ilham Tohti a \u00e9t\u00e9 reconnu coupable de s\u00e9paratisme et condamn\u00e9 \u00e0 l&#8217;emprisonnement \u00e0 vie, apr\u00e8s un proc\u00e8s de deux jours. De nombreuses d\u00e9clarations ont \u00e9t\u00e9 \u00e9mises par les gouvernements occidentaux et l&rsquo;Union europ\u00e9enne condamnant son proc\u00e8s et sa peine. D\u00e9but 2016, plusieurs centaines d&rsquo;universitaires ont adress\u00e9 une p\u00e9tition aux dirigeants chinois pour sa lib\u00e9ration.<\/p>\n<p>D\u00e8s sa nomination comme finaliste pour le Prix Martin Ennals plus t\u00f4t cette ann\u00e9e, sa fille a d\u00e9clar\u00e9: \u00ab Mon p\u00e8re Ilham Tohti a utilis\u00e9 une seule arme dans sa lutte pour les droits fondamentaux des Ou\u00efghours du Xinjiang : les mots ; parl\u00e9s, \u00e9crits, distribu\u00e9s et affich\u00e9s. C\u2019est tout ce qu&rsquo;il avait\u00a0 \u00e0 sa disposition, et c\u2019est tout ce dont il avait\u00a0 besoin. Voil\u00e0 ce que la Chine a trouv\u00e9 de si mena\u00e7ant. Une personne comme lui ne m\u00e9rite pas d\u2019\u00eatre en prison, ne serait-ce m\u00eame pour un jour.\u00a0\u00bb<\/p>\n<p>Le Pr\u00e9sident de la Fondation Martin Ennals, M. Dick Oosting, a d\u00e9clar\u00e9: \u00ab La vraie honte de cette situation est que, en \u00e9liminant la voix mod\u00e9r\u00e9e d\u2019Ilham Tohti, le gouvernement chinois jette en fait les bases de l&rsquo;extr\u00e9misme m\u00eame qu\u2019il dit vouloir emp\u00eacher.\u00a0\u00bb<\/p>\n<p>Les deux autres finalistes ont re\u00e7u un accessit Martin Ennals.<\/p>\n<p><strong><a href=\"https:\/\/www.martinennalsaward.org\/?hrd=razan-zaitouneh-2&amp;lang=fr\">Razan Zaitouneh<\/a> (Syrie)<\/strong><\/p>\n<p><img decoding=\"async\" class=\"size-medium wp-image-214 alignright lazyload\" data-src=\"https:\/\/www.martinennalsaward.org\/wp-content\/uploads\/2016\/07\/RAZAN_ZAITOUNEH_05-4-300x300.png\" alt=\"Razan Zaitouneh\" width=\"300\" height=\"300\" data-srcset=\"https:\/\/www.martinennalsaward.org\/wp-content\/uploads\/2016\/07\/RAZAN_ZAITOUNEH_05-4-300x300.png 300w, https:\/\/www.martinennalsaward.org\/wp-content\/uploads\/2016\/07\/RAZAN_ZAITOUNEH_05-4-150x150.png 150w, https:\/\/www.martinennalsaward.org\/wp-content\/uploads\/2016\/07\/RAZAN_ZAITOUNEH_05-4-330x330.png 330w, https:\/\/www.martinennalsaward.org\/wp-content\/uploads\/2016\/07\/RAZAN_ZAITOUNEH_05-4-530x530.png 530w, https:\/\/www.martinennalsaward.org\/wp-content\/uploads\/2016\/07\/RAZAN_ZAITOUNEH_05-4.png 700w\" data-sizes=\"(max-width: 300px) 100vw, 300px\" src=\"data:image\/gif;base64,R0lGODlhAQABAAAAACH5BAEKAAEALAAAAAABAAEAAAICTAEAOw==\" style=\"--smush-placeholder-width: 300px; --smush-placeholder-aspect-ratio: 300\/300;\" \/><noscript><img decoding=\"async\" class=\"size-medium wp-image-214 alignright\" src=\"https:\/\/www.martinennalsaward.org\/wp-content\/uploads\/2016\/07\/RAZAN_ZAITOUNEH_05-4-300x300.png\" alt=\"Razan Zaitouneh\" width=\"300\" height=\"300\" srcset=\"https:\/\/www.martinennalsaward.org\/wp-content\/uploads\/2016\/07\/RAZAN_ZAITOUNEH_05-4-300x300.png 300w, https:\/\/www.martinennalsaward.org\/wp-content\/uploads\/2016\/07\/RAZAN_ZAITOUNEH_05-4-150x150.png 150w, https:\/\/www.martinennalsaward.org\/wp-content\/uploads\/2016\/07\/RAZAN_ZAITOUNEH_05-4-330x330.png 330w, https:\/\/www.martinennalsaward.org\/wp-content\/uploads\/2016\/07\/RAZAN_ZAITOUNEH_05-4-530x530.png 530w, https:\/\/www.martinennalsaward.org\/wp-content\/uploads\/2016\/07\/RAZAN_ZAITOUNEH_05-4.png 700w\" sizes=\"(max-width: 300px) 100vw, 300px\" \/><\/noscript>Razan a consacr\u00e9 sa vie \u00e0 la d\u00e9fense des prisonniers politiques, \u00e0 r\u00e9pertorier les violations et \u00e0 aider autrui \u00e0 se lib\u00e9rer de l&rsquo;oppression. Elle a fond\u00e9 le Centre de Documentation des Violations (VDC), qui documente le nombre de morts et de mauvais traitements dans les prisons syriennes. Elle avait commenc\u00e9 \u00e0 r\u00e9pertorier les violations des diff\u00e9rents acteurs du conflit quand elle a \u00e9t\u00e9 enlev\u00e9e, avec son mari et deux coll\u00e8gues, le 9 d\u00e9cembre 2013. Leur lieu de d\u00e9tention demeure inconnu.<\/p>\n<p><strong><a href=\"https:\/\/www.martinennalsaward.org\/?hrd=zone-9-bloggers&amp;lang=fr\">Zone 9 Bloggers<\/a> (Ethiopie)<\/strong><\/p>\n<p><img decoding=\"async\" class=\"size-medium wp-image-208 alignleft lazyload\" data-src=\"https:\/\/www.martinennalsaward.org\/wp-content\/uploads\/2016\/07\/ZONE9_BLOGGERS_14-4-300x300.png\" alt=\"ZONE9_BLOGGERS_14\" width=\"300\" height=\"300\" data-srcset=\"https:\/\/www.martinennalsaward.org\/wp-content\/uploads\/2016\/07\/ZONE9_BLOGGERS_14-4-300x300.png 300w, https:\/\/www.martinennalsaward.org\/wp-content\/uploads\/2016\/07\/ZONE9_BLOGGERS_14-4-150x150.png 150w, https:\/\/www.martinennalsaward.org\/wp-content\/uploads\/2016\/07\/ZONE9_BLOGGERS_14-4-330x330.png 330w, https:\/\/www.martinennalsaward.org\/wp-content\/uploads\/2016\/07\/ZONE9_BLOGGERS_14-4-530x530.png 530w, https:\/\/www.martinennalsaward.org\/wp-content\/uploads\/2016\/07\/ZONE9_BLOGGERS_14-4.png 700w\" data-sizes=\"(max-width: 300px) 100vw, 300px\" src=\"data:image\/gif;base64,R0lGODlhAQABAAAAACH5BAEKAAEALAAAAAABAAEAAAICTAEAOw==\" style=\"--smush-placeholder-width: 300px; --smush-placeholder-aspect-ratio: 300\/300;\" \/><noscript><img decoding=\"async\" class=\"size-medium wp-image-208 alignleft\" src=\"https:\/\/www.martinennalsaward.org\/wp-content\/uploads\/2016\/07\/ZONE9_BLOGGERS_14-4-300x300.png\" alt=\"ZONE9_BLOGGERS_14\" width=\"300\" height=\"300\" srcset=\"https:\/\/www.martinennalsaward.org\/wp-content\/uploads\/2016\/07\/ZONE9_BLOGGERS_14-4-300x300.png 300w, https:\/\/www.martinennalsaward.org\/wp-content\/uploads\/2016\/07\/ZONE9_BLOGGERS_14-4-150x150.png 150w, https:\/\/www.martinennalsaward.org\/wp-content\/uploads\/2016\/07\/ZONE9_BLOGGERS_14-4-330x330.png 330w, https:\/\/www.martinennalsaward.org\/wp-content\/uploads\/2016\/07\/ZONE9_BLOGGERS_14-4-530x530.png 530w, https:\/\/www.martinennalsaward.org\/wp-content\/uploads\/2016\/07\/ZONE9_BLOGGERS_14-4.png 700w\" sizes=\"(max-width: 300px) 100vw, 300px\" \/><\/noscript>La prison de Kality en Ethiopie, dispose de huit zones et d\u00e9tient de nombreux journalistes et prisonniers politiques. Neuf jeunes militant-e-s se sont appel\u00e9-e-s \u00ab Zone 9 \u00bb comme un symbole pour repr\u00e9senter l&rsquo;Ethiopie dans son ensemble. Ils r\u00e9pertorient les violations des droits humains et font la lumi\u00e8re sur la situation des prisonniers politiques en Ethiopie. Six des\u00a0 membres du collectif ont \u00e9t\u00e9 arr\u00eat\u00e9-e-s et accus\u00e9-e-s de terrorisme. Bien qu&rsquo;ils aient \u00e9t\u00e9 lib\u00e9r\u00e9-e-s, trois sont en exil tandis que quatre des six autres qui sont encore en Ethiopie font toujours face \u00e0 des accusations et sont interdit-e-s de voyage.<\/p>\n<p>La principale distinction du mouvement des droits humains. Le Prix Martin Ennals pour les d\u00e9fenseur-e-s des droits humains est une collaboration unique entre dix des plus importantes organisations mondiales des droits humains pour prot\u00e9ger les d\u00e9fenseur-e-s dans le monde entier. Le jury est compos\u00e9 des ONGs suivantes\u00a0:<\/p>\n<p>Le Jury du Prix Martin Ennals:<\/p>\n<p>Version \u00e9lectronique avec biographies et vid\u00e9os:<\/p>\n<p><a href=\"https:\/\/www.dropbox.com\/sh\/s6wbsjayih16bqu\/AABsCq_q8n1VQFS5_SHud1zLa?dl=0\">https:\/\/www.dropbox.com\/sh\/s6wbsjayih16bqu\/AABsCq_q8n1VQFS5_SHud1zLa?dl=0<\/a><\/p>\n","protected":false},"excerpt":{"rendered":"<p>Ilham Tohti a \u00e9t\u00e9 s\u00e9l\u00e9ctionn\u00e9 par un jury compos\u00e9 des dix plus grandes organisations pour la d\u00e9fense des droits humains (voir liste ci-dessous). Le Prix est attribu\u00e9 \u00e0 des d\u00e9fenseur-e-s des droit humains qui se sont illustr\u00e9-e-s par leur profond engagement dans leur combat contre la violation des droits humains et ce malgr\u00e9 les risques<a class=\"read-more\" href=\"https:\/\/www.martinennalsaward.org\/fr\/ilham-tohti-2016-martin-ennals-award-laureate-human-rights-defenders\/\">Read More&#8230;<\/a><\/p>\n","protected":false},"author":11,"featured_media":165,"comment_status":"open","ping_status":"open","sticky":false,"template":"","format":"standard","meta":{"_acf_changed":false,"footnotes":""},"categories":[2],"tags":[],"news_section":[343],"class_list":["post-1082","post","type-post","status-publish","format-standard","has-post-thumbnail","hentry","category-non-classifiee","news_section-news"],"acf":[],"yoast_head":"<!-- This site is optimized with the Yoast SEO plugin v24.1 - https:\/\/yoast.com\/wordpress\/plugins\/seo\/ -->\n<title>Ilham Tohti est le laur\u00e9at 2016 du Prix Martin Ennals pour les d\u00e9fenseur-e-s des droits humains - Martin Ennals Award<\/title>\n<meta name=\"robots\" content=\"index, follow, max-snippet:-1, max-image-preview:large, max-video-preview:-1\" \/>\n<link rel=\"canonical\" href=\"https:\/\/www.martinennalsaward.org\/fr\/ilham-tohti-2016-martin-ennals-award-laureate-human-rights-defenders\/\" \/>\n<meta property=\"og:locale\" content=\"fr_FR\" \/>\n<meta property=\"og:type\" content=\"article\" \/>\n<meta property=\"og:title\" content=\"Ilham Tohti est le laur\u00e9at 2016 du Prix Martin Ennals pour les d\u00e9fenseur-e-s des droits humains - Martin Ennals Award\" \/>\n<meta property=\"og:description\" content=\"Ilham Tohti a \u00e9t\u00e9 s\u00e9l\u00e9ctionn\u00e9 par un jury compos\u00e9 des dix plus grandes organisations pour la d\u00e9fense des droits humains (voir liste ci-dessous). Le Prix est attribu\u00e9 \u00e0 des d\u00e9fenseur-e-s des droit humains qui se sont illustr\u00e9-e-s par leur profond engagement dans leur combat contre la violation des droits humains et ce malgr\u00e9 les risquesRead More...\" \/>\n<meta property=\"og:url\" content=\"https:\/\/www.martinennalsaward.org\/fr\/ilham-tohti-2016-martin-ennals-award-laureate-human-rights-defenders\/\" \/>\n<meta property=\"og:site_name\" content=\"Martin Ennals Award\" \/>\n<meta property=\"article:published_time\" content=\"2016-10-11T07:10:37+00:00\" \/>\n<meta property=\"article:modified_time\" content=\"2021-09-01T13:45:17+00:00\" \/>\n<meta property=\"og:image\" content=\"https:\/\/www.martinennalsaward.org\/wp-content\/uploads\/2016\/07\/ILHAM_TOHTI_04-5.png\" \/>\n\t<meta property=\"og:image:width\" content=\"700\" \/>\n\t<meta property=\"og:image:height\" content=\"700\" \/>\n\t<meta property=\"og:image:type\" content=\"image\/png\" \/>\n<meta name=\"author\" content=\"Jonas\" \/>\n<meta name=\"twitter:card\" content=\"summary_large_image\" \/>\n<meta name=\"twitter:label1\" content=\"\u00c9crit par\" \/>\n\t<meta name=\"twitter:data1\" content=\"Jonas\" \/>\n\t<meta name=\"twitter:label2\" content=\"Dur\u00e9e de lecture estim\u00e9e\" \/>\n\t<meta name=\"twitter:data2\" content=\"4 minutes\" \/>\n<script type=\"application\/ld+json\" class=\"yoast-schema-graph\">{\"@context\":\"https:\/\/schema.org\",\"@graph\":[{\"@type\":\"WebPage\",\"@id\":\"https:\/\/www.martinennalsaward.org\/fr\/ilham-tohti-2016-martin-ennals-award-laureate-human-rights-defenders\/\",\"url\":\"https:\/\/www.martinennalsaward.org\/fr\/ilham-tohti-2016-martin-ennals-award-laureate-human-rights-defenders\/\",\"name\":\"Ilham Tohti est le laur\u00e9at 2016 du Prix Martin Ennals pour les d\u00e9fenseur-e-s des droits humains - Martin Ennals Award\",\"isPartOf\":{\"@id\":\"https:\/\/www.martinennalsaward.org\/#website\"},\"primaryImageOfPage\":{\"@id\":\"https:\/\/www.martinennalsaward.org\/fr\/ilham-tohti-2016-martin-ennals-award-laureate-human-rights-defenders\/#primaryimage\"},\"image\":{\"@id\":\"https:\/\/www.martinennalsaward.org\/fr\/ilham-tohti-2016-martin-ennals-award-laureate-human-rights-defenders\/#primaryimage\"},\"thumbnailUrl\":\"https:\/\/www.martinennalsaward.org\/wp-content\/uploads\/2016\/07\/ILHAM_TOHTI_04-5.png\",\"datePublished\":\"2016-10-11T07:10:37+00:00\",\"dateModified\":\"2021-09-01T13:45:17+00:00\",\"author\":{\"@id\":\"https:\/\/www.martinennalsaward.org\/#\/schema\/person\/8f1cd8c093a598b77487bcee05730950\"},\"breadcrumb\":{\"@id\":\"https:\/\/www.martinennalsaward.org\/fr\/ilham-tohti-2016-martin-ennals-award-laureate-human-rights-defenders\/#breadcrumb\"},\"inLanguage\":\"fr-FR\",\"potentialAction\":[{\"@type\":\"ReadAction\",\"target\":[\"https:\/\/www.martinennalsaward.org\/fr\/ilham-tohti-2016-martin-ennals-award-laureate-human-rights-defenders\/\"]}]},{\"@type\":\"ImageObject\",\"inLanguage\":\"fr-FR\",\"@id\":\"https:\/\/www.martinennalsaward.org\/fr\/ilham-tohti-2016-martin-ennals-award-laureate-human-rights-defenders\/#primaryimage\",\"url\":\"https:\/\/www.martinennalsaward.org\/wp-content\/uploads\/2016\/07\/ILHAM_TOHTI_04-5.png\",\"contentUrl\":\"https:\/\/www.martinennalsaward.org\/wp-content\/uploads\/2016\/07\/ILHAM_TOHTI_04-5.png\",\"width\":700,\"height\":700,\"caption\":\"Ilham Tohti is a renowned Uyghur public intellectual in the People\u2019s Republic of China. For over two decades he has worked tirelessly to foster dialogue and understanding between Uyghurs and Han Chinese, despite an environment of religious, cultural, and political repression suffered by Uyghurs.\"},{\"@type\":\"BreadcrumbList\",\"@id\":\"https:\/\/www.martinennalsaward.org\/fr\/ilham-tohti-2016-martin-ennals-award-laureate-human-rights-defenders\/#breadcrumb\",\"itemListElement\":[{\"@type\":\"ListItem\",\"position\":1,\"name\":\"Home\",\"item\":\"https:\/\/www.martinennalsaward.org\/\"},{\"@type\":\"ListItem\",\"position\":2,\"name\":\"Ilham Tohti est le laur\u00e9at 2016 du Prix Martin Ennals pour les d\u00e9fenseur-e-s des droits humains\"}]},{\"@type\":\"WebSite\",\"@id\":\"https:\/\/www.martinennalsaward.org\/#website\",\"url\":\"https:\/\/www.martinennalsaward.org\/\",\"name\":\"Martin Ennals Award\",\"description\":\"For Human Rights Defenders\",\"potentialAction\":[{\"@type\":\"SearchAction\",\"target\":{\"@type\":\"EntryPoint\",\"urlTemplate\":\"https:\/\/www.martinennalsaward.org\/?s={search_term_string}\"},\"query-input\":{\"@type\":\"PropertyValueSpecification\",\"valueRequired\":true,\"valueName\":\"search_term_string\"}}],\"inLanguage\":\"fr-FR\"},{\"@type\":\"Person\",\"@id\":\"https:\/\/www.martinennalsaward.org\/#\/schema\/person\/8f1cd8c093a598b77487bcee05730950\",\"name\":\"Jonas\",\"image\":{\"@type\":\"ImageObject\",\"inLanguage\":\"fr-FR\",\"@id\":\"https:\/\/www.martinennalsaward.org\/#\/schema\/person\/image\/\",\"url\":\"https:\/\/secure.gravatar.com\/avatar\/8d0970cc7fcad0b602d4a863ef0daade?s=96&d=mm&r=g\",\"contentUrl\":\"https:\/\/secure.gravatar.com\/avatar\/8d0970cc7fcad0b602d4a863ef0daade?s=96&d=mm&r=g\",\"caption\":\"Jonas\"},\"url\":\"https:\/\/www.martinennalsaward.org\/fr\/author\/jonas\/\"}]}<\/script>\n<!-- \/ Yoast SEO plugin. -->","yoast_head_json":{"title":"Ilham Tohti est le laur\u00e9at 2016 du Prix Martin Ennals pour les d\u00e9fenseur-e-s des droits humains - Martin Ennals Award","robots":{"index":"index","follow":"follow","max-snippet":"max-snippet:-1","max-image-preview":"max-image-preview:large","max-video-preview":"max-video-preview:-1"},"canonical":"https:\/\/www.martinennalsaward.org\/fr\/ilham-tohti-2016-martin-ennals-award-laureate-human-rights-defenders\/","og_locale":"fr_FR","og_type":"article","og_title":"Ilham Tohti est le laur\u00e9at 2016 du Prix Martin Ennals pour les d\u00e9fenseur-e-s des droits humains - Martin Ennals Award","og_description":"Ilham Tohti a \u00e9t\u00e9 s\u00e9l\u00e9ctionn\u00e9 par un jury compos\u00e9 des dix plus grandes organisations pour la d\u00e9fense des droits humains (voir liste ci-dessous). Le Prix est attribu\u00e9 \u00e0 des d\u00e9fenseur-e-s des droit humains qui se sont illustr\u00e9-e-s par leur profond engagement dans leur combat contre la violation des droits humains et ce malgr\u00e9 les risquesRead More...","og_url":"https:\/\/www.martinennalsaward.org\/fr\/ilham-tohti-2016-martin-ennals-award-laureate-human-rights-defenders\/","og_site_name":"Martin Ennals Award","article_published_time":"2016-10-11T07:10:37+00:00","article_modified_time":"2021-09-01T13:45:17+00:00","og_image":[{"width":700,"height":700,"url":"https:\/\/www.martinennalsaward.org\/wp-content\/uploads\/2016\/07\/ILHAM_TOHTI_04-5.png","type":"image\/png"}],"author":"Jonas","twitter_card":"summary_large_image","twitter_misc":{"\u00c9crit par":"Jonas","Dur\u00e9e de lecture estim\u00e9e":"4 minutes"},"schema":{"@context":"https:\/\/schema.org","@graph":[{"@type":"WebPage","@id":"https:\/\/www.martinennalsaward.org\/fr\/ilham-tohti-2016-martin-ennals-award-laureate-human-rights-defenders\/","url":"https:\/\/www.martinennalsaward.org\/fr\/ilham-tohti-2016-martin-ennals-award-laureate-human-rights-defenders\/","name":"Ilham Tohti est le laur\u00e9at 2016 du Prix Martin Ennals pour les d\u00e9fenseur-e-s des droits humains - Martin Ennals Award","isPartOf":{"@id":"https:\/\/www.martinennalsaward.org\/#website"},"primaryImageOfPage":{"@id":"https:\/\/www.martinennalsaward.org\/fr\/ilham-tohti-2016-martin-ennals-award-laureate-human-rights-defenders\/#primaryimage"},"image":{"@id":"https:\/\/www.martinennalsaward.org\/fr\/ilham-tohti-2016-martin-ennals-award-laureate-human-rights-defenders\/#primaryimage"},"thumbnailUrl":"https:\/\/www.martinennalsaward.org\/wp-content\/uploads\/2016\/07\/ILHAM_TOHTI_04-5.png","datePublished":"2016-10-11T07:10:37+00:00","dateModified":"2021-09-01T13:45:17+00:00","author":{"@id":"https:\/\/www.martinennalsaward.org\/#\/schema\/person\/8f1cd8c093a598b77487bcee05730950"},"breadcrumb":{"@id":"https:\/\/www.martinennalsaward.org\/fr\/ilham-tohti-2016-martin-ennals-award-laureate-human-rights-defenders\/#breadcrumb"},"inLanguage":"fr-FR","potentialAction":[{"@type":"ReadAction","target":["https:\/\/www.martinennalsaward.org\/fr\/ilham-tohti-2016-martin-ennals-award-laureate-human-rights-defenders\/"]}]},{"@type":"ImageObject","inLanguage":"fr-FR","@id":"https:\/\/www.martinennalsaward.org\/fr\/ilham-tohti-2016-martin-ennals-award-laureate-human-rights-defenders\/#primaryimage","url":"https:\/\/www.martinennalsaward.org\/wp-content\/uploads\/2016\/07\/ILHAM_TOHTI_04-5.png","contentUrl":"https:\/\/www.martinennalsaward.org\/wp-content\/uploads\/2016\/07\/ILHAM_TOHTI_04-5.png","width":700,"height":700,"caption":"Ilham Tohti is a renowned Uyghur public intellectual in the People\u2019s Republic of China. For over two decades he has worked tirelessly to foster dialogue and understanding between Uyghurs and Han Chinese, despite an environment of religious, cultural, and political repression suffered by Uyghurs."},{"@type":"BreadcrumbList","@id":"https:\/\/www.martinennalsaward.org\/fr\/ilham-tohti-2016-martin-ennals-award-laureate-human-rights-defenders\/#breadcrumb","itemListElement":[{"@type":"ListItem","position":1,"name":"Home","item":"https:\/\/www.martinennalsaward.org\/"},{"@type":"ListItem","position":2,"name":"Ilham Tohti est le laur\u00e9at 2016 du Prix Martin Ennals pour les d\u00e9fenseur-e-s des droits humains"}]},{"@type":"WebSite","@id":"https:\/\/www.martinennalsaward.org\/#website","url":"https:\/\/www.martinennalsaward.org\/","name":"Martin Ennals Award","description":"For Human Rights Defenders","potentialAction":[{"@type":"SearchAction","target":{"@type":"EntryPoint","urlTemplate":"https:\/\/www.martinennalsaward.org\/?s={search_term_string}"},"query-input":{"@type":"PropertyValueSpecification","valueRequired":true,"valueName":"search_term_string"}}],"inLanguage":"fr-FR"},{"@type":"Person","@id":"https:\/\/www.martinennalsaward.org\/#\/schema\/person\/8f1cd8c093a598b77487bcee05730950","name":"Jonas","image":{"@type":"ImageObject","inLanguage":"fr-FR","@id":"https:\/\/www.martinennalsaward.org\/#\/schema\/person\/image\/","url":"https:\/\/secure.gravatar.com\/avatar\/8d0970cc7fcad0b602d4a863ef0daade?s=96&d=mm&r=g","contentUrl":"https:\/\/secure.gravatar.com\/avatar\/8d0970cc7fcad0b602d4a863ef0daade?s=96&d=mm&r=g","caption":"Jonas"},"url":"https:\/\/www.martinennalsaward.org\/fr\/author\/jonas\/"}]}},"_links":{"self":[{"href":"https:\/\/www.martinennalsaward.org\/fr\/wp-json\/wp\/v2\/posts\/1082"}],"collection":[{"href":"https:\/\/www.martinennalsaward.org\/fr\/wp-json\/wp\/v2\/posts"}],"about":[{"href":"https:\/\/www.martinennalsaward.org\/fr\/wp-json\/wp\/v2\/types\/post"}],"author":[{"embeddable":true,"href":"https:\/\/www.martinennalsaward.org\/fr\/wp-json\/wp\/v2\/users\/11"}],"replies":[{"embeddable":true,"href":"https:\/\/www.martinennalsaward.org\/fr\/wp-json\/wp\/v2\/comments?post=1082"}],"version-history":[{"count":0,"href":"https:\/\/www.martinennalsaward.org\/fr\/wp-json\/wp\/v2\/posts\/1082\/revisions"}],"wp:featuredmedia":[{"embeddable":true,"href":"https:\/\/www.martinennalsaward.org\/fr\/wp-json\/wp\/v2\/media\/165"}],"wp:attachment":[{"href":"https:\/\/www.martinennalsaward.org\/fr\/wp-json\/wp\/v2\/media?parent=1082"}],"wp:term":[{"taxonomy":"category","embeddable":true,"href":"https:\/\/www.martinennalsaward.org\/fr\/wp-json\/wp\/v2\/categories?post=1082"},{"taxonomy":"post_tag","embeddable":true,"href":"https:\/\/www.martinennalsaward.org\/fr\/wp-json\/wp\/v2\/tags?post=1082"},{"taxonomy":"news_section","embeddable":true,"href":"https:\/\/www.martinennalsaward.org\/fr\/wp-json\/wp\/v2\/news_section?post=1082"}],"curies":[{"name":"wp","href":"https:\/\/api.w.org\/{rel}","templated":true}]}}